{"id":87180,"date":"2021-03-31T12:57:34","date_gmt":"2021-03-31T15:57:34","guid":{"rendered":"http:\/\/vinasfm.com\/noticias\/?p=87180"},"modified":"2021-03-31T19:38:01","modified_gmt":"2021-03-31T22:38:01","slug":"proponen-federalizar-el-operativo-de-vacunacion-habilitando-los-centros-de-salud-distritales","status":"publish","type":"post","link":"https:\/\/vinasfm.com\/noticias\/proponen-federalizar-el-operativo-de-vacunacion-habilitando-los-centros-de-salud-distritales\/","title":{"rendered":"PROPONEN &#8216;FEDERALIZAR&#8217; EL OPERATIVO DE VACUNACI\u00d3N HABILITANDO LOS CENTROS DE SALUD DISTRITALES"},"content":{"rendered":"<h4><strong><span style=\"color: #000000;\">La vacunaci\u00f3n anti covid-19 para los adultos mayores en nuestro departamento se realiza \u00fanicamente en el Hospital Enfermeros Argentinos. Desde el Bloque Frente de Todos proponen descentralizar el operativo de vacunaci\u00f3n.<\/span><\/strong><\/h4>\n<p><span style=\"color: #000000;\">En di\u00e1logo con <em><strong>F.M. VI\u00d1AS el concejal Ariel Andr\u00e9s <\/strong><\/em>explic\u00f3 su propuesta para llevar la vacunaci\u00f3n a los dem\u00e1s distritos y que los adultos no tengan que trasladarse hasta Ciudad: <em><strong>\u00abTenemos que ver la posibilidad de que m\u00e1s vacunas, o sea las mismas vacunas que tenemos en Alvear, no que vengan todos al vacunatorio central del hospital si no que se puedan vacunar en todos distritos o los centros de salud\u00bb.<\/strong><\/em><\/span><\/p>\n<p><span style=\"color: #000000;\">El concejal plantea est\u00e1 propuesta con el objetivo de continuar con los cuidados hac\u00eda nuestros adultos mayores ya que son el rango de edad m\u00e1s vulnerables antes est\u00e1 pandemia<em><strong> \u00absobre todo para que nuestros adultos mayores se queden en su lugar, vayan al centro de salud m\u00e1s cercano o a d\u00f3nde se disponga en los distritos y que sea ah\u00ed y no vengan todos ac\u00e1 a Alvear y que una vez por todas las vacunas que llegan a Alvear no se queden demoradas en las heladeras, en los frezzer que tenemos en nuestro departamento y que realmente sean utilizadas por todos que no est\u00e9n esperando a ser colocadas\u00bb.\u00a0<\/strong><\/em><\/span><\/p>\n<p><span style=\"color: #000000;\">La segunda ola ya est\u00e1 instalada y los casos aumentan a diario junto con los fallecimientos<em><strong>: \u00abEst\u00e1 segunda ola va estar generar complicaciones y algunos ya pronostican que va a ser peor de lo que hemos vivido el a\u00f1o pasado pero confiamos en que el gobierno nacional\u00bb.<\/strong><\/em><\/span><\/p>\n<p><span style=\"color: #000000;\">En otro orden de temas, desde el<em><strong> bloque PJ se present\u00f3 un proyecto en el HCD<\/strong><\/em>, hacia la Direcci\u00f3n General de Escuelas, para que se respete la paritaria y tenga un piso del 34%<em><strong>: \u00abSabemos que el a\u00f1o pasado no hubo aumento a los docentes por lo que el poder adquisitivo que se ha perdido es mucho\u00bb<\/strong><\/em>.<\/span><\/p>\n<h5><span style=\"color: #000000;\">\u2022Carla Fuentes.<\/span><\/h5>\n","protected":false},"excerpt":{"rendered":"<p>La vacunaci\u00f3n anti covid-19 para los adultos mayores en nuestro departamento se realiza \u00fanicamente en el Hospital Enfermeros Argentinos. Desde el &#8230;<\/p>\n","protected":false},"author":7,"featured_media":73080,"comment_status":"open","ping_status":"open","sticky":false,"template":"","format":"standard","meta":{"footnotes":""},"categories":[5,15],"tags":[],"class_list":["post-87180","post","type-post","status-publish","format-standard","has-post-thumbnail","hentry","category-actualidad","category-salud"],"_links":{"self":[{"href":"https:\/\/vinasfm.com\/noticias\/wp-json\/wp\/v2\/posts\/87180","targetHints":{"allow":["GET"]}}],"collection":[{"href":"https:\/\/vinasfm.com\/noticias\/wp-json\/wp\/v2\/posts"}],"about":[{"href":"https:\/\/vinasfm.com\/noticias\/wp-json\/wp\/v2\/types\/post"}],"author":[{"embeddable":true,"href":"https:\/\/vinasfm.com\/noticias\/wp-json\/wp\/v2\/users\/7"}],"replies":[{"embeddable":true,"href":"https:\/\/vinasfm.com\/noticias\/wp-json\/wp\/v2\/comments?post=87180"}],"version-history":[{"count":3,"href":"https:\/\/vinasfm.com\/noticias\/wp-json\/wp\/v2\/posts\/87180\/revisions"}],"predecessor-version":[{"id":87201,"href":"https:\/\/vinasfm.com\/noticias\/wp-json\/wp\/v2\/posts\/87180\/revisions\/87201"}],"wp:featuredmedia":[{"embeddable":true,"href":"https:\/\/vinasfm.com\/noticias\/wp-json\/wp\/v2\/media\/73080"}],"wp:attachment":[{"href":"https:\/\/vinasfm.com\/noticias\/wp-json\/wp\/v2\/media?parent=87180"}],"wp:term":[{"taxonomy":"category","embeddable":true,"href":"https:\/\/vinasfm.com\/noticias\/wp-json\/wp\/v2\/categories?post=87180"},{"taxonomy":"post_tag","embeddable":true,"href":"https:\/\/vinasfm.com\/noticias\/wp-json\/wp\/v2\/tags?post=87180"}],"curies":[{"name":"wp","href":"https:\/\/api.w.org\/{rel}","templated":true}]}}