{"id":87170,"date":"2021-03-31T12:00:48","date_gmt":"2021-03-31T15:00:48","guid":{"rendered":"http:\/\/vinasfm.com\/noticias\/?p=87170"},"modified":"2021-04-01T10:30:08","modified_gmt":"2021-04-01T13:30:08","slug":"estudiantes-de-todos-los-niveles-contaran-con-servicio-de-transporte","status":"publish","type":"post","link":"https:\/\/vinasfm.com\/noticias\/estudiantes-de-todos-los-niveles-contaran-con-servicio-de-transporte\/","title":{"rendered":"ESTUDIANTES DE TODOS LOS NIVELES CONTAR\u00c1N CON SERVICIO DE TRANSPORTE"},"content":{"rendered":"<h4><span style=\"color: #000000;\"><strong>La Direcci\u00f3n de Educaci\u00f3n de la Municipalidad brindar\u00e1 un servicio de transporte para alumnos de escuelas rurales y para estudiantes que cursan en horario nocturno en General Alvear pero que residen en el Departamento de San Rafael.<\/strong><\/span><\/h4>\n<p><span style=\"color: #000000;\">La Municipalidad de General Alvear firm\u00f3 un convenio con la DGE que ya fue adjudicado, seg\u00fan explic\u00f3 la <strong>Directora de Educaci\u00f3n Roxana Molero a F.M. Vi\u00f1as<\/strong>: \u201c<strong><em>Lo estuvimos trabajando desde el a\u00f1o pasado con el Intendente Walther Marcolini, donde incluimos a las escuelas rurales porque son las que realmente necesitan este servicio, nosotros como municipio hacemos este esfuerzo e invertimos m\u00e1s de $10 millones<\/em><\/strong>\u201d.<\/span><\/p>\n<p><span style=\"color: #000000;\">Las escuelas que forman parte de este convenio son ocho: \u201c<strong><em>Lamentablemente dos quedaron afuera, pero el Municipio con un gran esfuerzo contrat\u00f3 un transporte privado para \u00e9stas, son de distintas zonas como Bowen, la Enore de Monte, Luis Morzone, tambi\u00e9n de El Desv\u00edo, Arist\u00f3bulo del Valle, Gaucho de G\u00fcemes, entre otras<\/em><\/strong>\u201d.<\/span><\/p>\n<p><span style=\"color: #000000;\">Con respecto a la falta de frecuencia de l\u00edneas, la Directora de Educaci\u00f3n expres\u00f3 que en el mes de febrero el Intendente realiz\u00f3 gestiones con el <strong>Director de Medios y V\u00edas de Transporte<\/strong> para intentar obtener una normalidad en los horarios y dar mejor servicio a todos los vecinos, y sobre todo a las estudiantes que cursan en horario nocturno.<\/span><\/p>\n<p><span style=\"color: #000000;\">Estas gestiones llegaron a buen puerto y <strong>se logr\u00f3 la totalidad del servicio<\/strong>, esto beneficia a los todos los Distritos, Bowen, Carmensa, Alvear Oeste y tambi\u00e9n de Real Del Padre.<\/span><\/p>\n<h5><span style=\"color: #000000;\">\u2022F.B.<\/span><\/h5>\n","protected":false},"excerpt":{"rendered":"<p>La Direcci\u00f3n de Educaci\u00f3n de la Municipalidad brindar\u00e1 un servicio de transporte para alumnos de escuelas rurales y para estudiantes que &#8230;<\/p>\n","protected":false},"author":8,"featured_media":87171,"comment_status":"open","ping_status":"open","sticky":false,"template":"","format":"standard","meta":{"footnotes":""},"categories":[5,66],"tags":[],"class_list":["post-87170","post","type-post","status-publish","format-standard","has-post-thumbnail","hentry","category-actualidad","category-transporte"],"_links":{"self":[{"href":"https:\/\/vinasfm.com\/noticias\/wp-json\/wp\/v2\/posts\/87170","targetHints":{"allow":["GET"]}}],"collection":[{"href":"https:\/\/vinasfm.com\/noticias\/wp-json\/wp\/v2\/posts"}],"about":[{"href":"https:\/\/vinasfm.com\/noticias\/wp-json\/wp\/v2\/types\/post"}],"author":[{"embeddable":true,"href":"https:\/\/vinasfm.com\/noticias\/wp-json\/wp\/v2\/users\/8"}],"replies":[{"embeddable":true,"href":"https:\/\/vinasfm.com\/noticias\/wp-json\/wp\/v2\/comments?post=87170"}],"version-history":[{"count":3,"href":"https:\/\/vinasfm.com\/noticias\/wp-json\/wp\/v2\/posts\/87170\/revisions"}],"predecessor-version":[{"id":87354,"href":"https:\/\/vinasfm.com\/noticias\/wp-json\/wp\/v2\/posts\/87170\/revisions\/87354"}],"wp:featuredmedia":[{"embeddable":true,"href":"https:\/\/vinasfm.com\/noticias\/wp-json\/wp\/v2\/media\/87171"}],"wp:attachment":[{"href":"https:\/\/vinasfm.com\/noticias\/wp-json\/wp\/v2\/media?parent=87170"}],"wp:term":[{"taxonomy":"category","embeddable":true,"href":"https:\/\/vinasfm.com\/noticias\/wp-json\/wp\/v2\/categories?post=87170"},{"taxonomy":"post_tag","embeddable":true,"href":"https:\/\/vinasfm.com\/noticias\/wp-json\/wp\/v2\/tags?post=87170"}],"curies":[{"name":"wp","href":"https:\/\/api.w.org\/{rel}","templated":true}]}}