{"id":86939,"date":"2021-03-28T23:55:38","date_gmt":"2021-03-29T02:55:38","guid":{"rendered":"http:\/\/vinasfm.com\/noticias\/?p=86939"},"modified":"2021-03-29T19:49:37","modified_gmt":"2021-03-29T22:49:37","slug":"a-partir-del-1-de-abril-volvera-a-funcionar-el-100-de-las-frecuencias-de-colectivos-de-la-empresa-la-union-s-r-l","status":"publish","type":"post","link":"https:\/\/vinasfm.com\/noticias\/a-partir-del-1-de-abril-volvera-a-funcionar-el-100-de-las-frecuencias-de-colectivos-de-la-empresa-la-union-s-r-l\/","title":{"rendered":"A PARTIR DEL 1\u00b0 DE ABRIL VOLVER\u00c1 A FUNCIONAR EL 100% DE LAS FRECUENCIAS DE COLECTIVOS DE LA EMPRESA &#8216;LA UNI\u00d3N&#8217;"},"content":{"rendered":"<h4><span style=\"color: #000000;\"><strong>Luego del reclamo manifestado por vecinos que utilizan el servicio de transporte p\u00fablico local para trasladarse a la Ciudad de Alvear a desarrollar sus actividades laborales o educativas, la empresa La Uni\u00f3n S.R.L. anunci\u00f3 que desde el 1\u00b0 de abril se restablecer\u00e1 el 100% de las frecuencias que se redujeron el a\u00f1o pasado ante las estrictas medidas que reg\u00edan por la situaci\u00f3n sanitaria.<\/strong><\/span><\/h4>\n<p><span style=\"color: #000000;\">Con la nueva actualizaci\u00f3n de horarios que<strong> tendr\u00e1 vigencia desde el 1\u00b0 de abril\u00a0<\/strong>se restablecen las frecuencias habituales. La nueva medida fue confirmada a <strong>F.M. Vi\u00f1as<\/strong> por el <strong>Gerente de La Uni\u00f3n Alexander Majstruk,\u00a0<\/strong>que resalt\u00f3 adem\u00e1s el regreso de los siguientes servicios:<\/span><\/p>\n<ul>\n<li><span style=\"color: #000000;\"><strong>ALVEAR-CARMENSA: LUNES A VIERNES 00hs<\/strong><\/span><\/li>\n<li><span style=\"color: #000000;\"><strong>ALVEAR-REAL DEL PADRE: LUNES A VIERNES 19hs<\/strong><\/span><\/li>\n<li><span style=\"color: #000000;\"><strong>BOWEN- SAN RAFAEL (Pasando por Alvear): LUNES A VIERNES 23:30hs<\/strong><\/span><\/li>\n<\/ul>\n<p><span style=\"color: #000000;\">&#8216;<strong><em>Despu\u00e9s de la pandemia hemos ido retomando las frecuencias suspendidas por lo que desde abril se normaliza el servicio completo<\/em><\/strong>&#8216;, asegur\u00f3 Majstruk quien destac\u00f3 que el servicio que presta la empresa es fundamental para vecinos del departamento y de distritos sanrafaelinos aleda\u00f1os.<\/span><\/p>\n<p><span style=\"color: #000000;\">El <strong>Gerente de La Uni\u00f3n<\/strong> se reuni\u00f3 con el <strong>Director de Transporte de la Secretar\u00eda de Servicios P\u00fablicos <\/strong><strong>Luis Borrego <\/strong>\u00a0y con el <strong>Jefe de Gabinete de la Secretaria de Servicios P\u00fablicos Leonardo Yapur<\/strong> para coordinar el regreso a la normalidad en las frecuencias de colectivos: &#8216;<strong><em>Esto form\u00f3 parte de las secuelas de la pandemia ya que con el regreso a la presencialidad se estaba a la espera de las decisiones de cada instituci\u00f3n educativa y con base en la demanda incorporar los servicios. Con la normalizaci\u00f3n del dictado de clases se comenzaron a autorizar las frecuencias habituales<\/em><\/strong>&#8216;, declar\u00f3.\u00a0<\/span><\/p>\n<p><span style=\"color: #000000;\">&#8216;<strong><em>Se ha venido trabajando desde un primer momento en este tema y por ah\u00ed no es f\u00e1cil reactivar todos los servicios cuando uno depende de un poder concedente que est\u00e1 en la Ciudad de Mendoza. Pero tras la \u00faltima reuni\u00f3n con el Yapur y Borrego acordamos volver al 100% de los horarios y recorridos<\/em><\/strong>&#8216;, concluy\u00f3.<\/span><\/p>\n<h5><span style=\"color: #000000;\">\u2022F.B. (F.M. Vi\u00f1as).<\/span><\/h5>\n","protected":false},"excerpt":{"rendered":"<p>Luego del reclamo manifestado por vecinos que utilizan el servicio de transporte p\u00fablico local para trasladarse a la Ciudad de Alvear &#8230;<\/p>\n","protected":false},"author":8,"featured_media":86730,"comment_status":"open","ping_status":"open","sticky":false,"template":"","format":"standard","meta":{"footnotes":""},"categories":[5,66],"tags":[],"class_list":["post-86939","post","type-post","status-publish","format-standard","has-post-thumbnail","hentry","category-actualidad","category-transporte"],"_links":{"self":[{"href":"https:\/\/vinasfm.com\/noticias\/wp-json\/wp\/v2\/posts\/86939","targetHints":{"allow":["GET"]}}],"collection":[{"href":"https:\/\/vinasfm.com\/noticias\/wp-json\/wp\/v2\/posts"}],"about":[{"href":"https:\/\/vinasfm.com\/noticias\/wp-json\/wp\/v2\/types\/post"}],"author":[{"embeddable":true,"href":"https:\/\/vinasfm.com\/noticias\/wp-json\/wp\/v2\/users\/8"}],"replies":[{"embeddable":true,"href":"https:\/\/vinasfm.com\/noticias\/wp-json\/wp\/v2\/comments?post=86939"}],"version-history":[{"count":6,"href":"https:\/\/vinasfm.com\/noticias\/wp-json\/wp\/v2\/posts\/86939\/revisions"}],"predecessor-version":[{"id":86942,"href":"https:\/\/vinasfm.com\/noticias\/wp-json\/wp\/v2\/posts\/86939\/revisions\/86942"}],"wp:featuredmedia":[{"embeddable":true,"href":"https:\/\/vinasfm.com\/noticias\/wp-json\/wp\/v2\/media\/86730"}],"wp:attachment":[{"href":"https:\/\/vinasfm.com\/noticias\/wp-json\/wp\/v2\/media?parent=86939"}],"wp:term":[{"taxonomy":"category","embeddable":true,"href":"https:\/\/vinasfm.com\/noticias\/wp-json\/wp\/v2\/categories?post=86939"},{"taxonomy":"post_tag","embeddable":true,"href":"https:\/\/vinasfm.com\/noticias\/wp-json\/wp\/v2\/tags?post=86939"}],"curies":[{"name":"wp","href":"https:\/\/api.w.org\/{rel}","templated":true}]}}