{"id":86925,"date":"2021-03-28T08:05:22","date_gmt":"2021-03-28T11:05:22","guid":{"rendered":"http:\/\/vinasfm.com\/noticias\/?p=86925"},"modified":"2021-03-29T09:59:26","modified_gmt":"2021-03-29T12:59:26","slug":"alvear-marchara-nuevamente-a-favor-de-los-derechos-del-nino-por-nacer","status":"publish","type":"post","link":"https:\/\/vinasfm.com\/noticias\/alvear-marchara-nuevamente-a-favor-de-los-derechos-del-nino-por-nacer\/","title":{"rendered":"NUEVA MARCHA A FAVOR DE LOS DERECHOS DEL NI\u00d1O POR NACER"},"content":{"rendered":"<h4><span style=\"color: #000000;\"><strong>Este s\u00e1bado 27 a partir de las 17h, Alvear se sumar\u00e1 a la Marcha por la Vida que se realizar\u00e1 en distintos puntos del pa\u00eds en conmemoraci\u00f3n del D\u00eda del Ni\u00f1o por Nacer celebrado cada 25 de marzo.<\/strong><\/span><\/h4>\n<p><span style=\"color: #000000;\">Es la <strong>Agrupaci\u00f3n &#8216;Familias Unidad por Alvear&#8217;<\/strong> la que convoca nuevamente a participar de una marcha que se concentrar\u00e1 a las <strong>17h<\/strong> en el <strong>Bulevar de la Vida y la Familia <\/strong>ubicado en la intersecci\u00f3n de <strong>Avenida Libertador Sur y calle Granaderos<\/strong>.<\/span><\/p>\n<p><span style=\"color: #000000;\">&#8216;<strong><em>Con le fin de fomentar el valor de la vida y la defensa de las familias, nos reuniremos en el bulevar para luego marchar hasta la Plaza Caros M. de Alvear pasando por el centro de la ciudad<\/em><\/strong>&#8216;, explic\u00f3 a <strong>F.M. Vi\u00f1as,<\/strong> uno de los referentes de la agrupaci\u00f3n, <strong>Mariano P\u00e9rez<\/strong>, quien anticip\u00f3 que en la plaza departamental montar\u00e1n un acto en conmemoraci\u00f3n de la fecha.<\/span><\/p>\n<p><span style=\"color: #000000;\">P\u00e9rez asegur\u00f3 que la manifestaci\u00f3n ser\u00e1 como es habitual &#8216;<strong><em>bajo el orden y el pacifismo con carteles, globos celestes y banderas argentinas en defensa de la vida. Es un contexto complejo en el que estamos a nivel nacional luego de la legalizaci\u00f3n del aborto pero se est\u00e1 luchando en la Justicia para declarar inconstitucional a esta legislaci\u00f3n<\/em><\/strong>&#8216;.\u00a0<\/span><\/p>\n<p><span style=\"color: #000000;\">Finalmente pidi\u00f3 a quienes concurran a la caravana lo hagan <strong><em>respetando el distanciamiento social y usando el tapabocas<\/em><\/strong> para evitar contagios frente a la inminente segunda ola de Coronavirus.<\/span><\/p>\n<h5><span style=\"color: #000000;\">\u2022F.B. (F.M. Vi\u00f1as).<\/span><\/h5>\n","protected":false},"excerpt":{"rendered":"<p>Este s\u00e1bado 27 a partir de las 17h, Alvear se sumar\u00e1 a la Marcha por la Vida que se realizar\u00e1 en &#8230;<\/p>\n","protected":false},"author":8,"featured_media":86927,"comment_status":"open","ping_status":"open","sticky":false,"template":"","format":"standard","meta":{"footnotes":""},"categories":[5,10],"tags":[],"class_list":["post-86925","post","type-post","status-publish","format-standard","has-post-thumbnail","hentry","category-actualidad","category-destacadas"],"_links":{"self":[{"href":"https:\/\/vinasfm.com\/noticias\/wp-json\/wp\/v2\/posts\/86925","targetHints":{"allow":["GET"]}}],"collection":[{"href":"https:\/\/vinasfm.com\/noticias\/wp-json\/wp\/v2\/posts"}],"about":[{"href":"https:\/\/vinasfm.com\/noticias\/wp-json\/wp\/v2\/types\/post"}],"author":[{"embeddable":true,"href":"https:\/\/vinasfm.com\/noticias\/wp-json\/wp\/v2\/users\/8"}],"replies":[{"embeddable":true,"href":"https:\/\/vinasfm.com\/noticias\/wp-json\/wp\/v2\/comments?post=86925"}],"version-history":[{"count":4,"href":"https:\/\/vinasfm.com\/noticias\/wp-json\/wp\/v2\/posts\/86925\/revisions"}],"predecessor-version":[{"id":87011,"href":"https:\/\/vinasfm.com\/noticias\/wp-json\/wp\/v2\/posts\/86925\/revisions\/87011"}],"wp:featuredmedia":[{"embeddable":true,"href":"https:\/\/vinasfm.com\/noticias\/wp-json\/wp\/v2\/media\/86927"}],"wp:attachment":[{"href":"https:\/\/vinasfm.com\/noticias\/wp-json\/wp\/v2\/media?parent=86925"}],"wp:term":[{"taxonomy":"category","embeddable":true,"href":"https:\/\/vinasfm.com\/noticias\/wp-json\/wp\/v2\/categories?post=86925"},{"taxonomy":"post_tag","embeddable":true,"href":"https:\/\/vinasfm.com\/noticias\/wp-json\/wp\/v2\/tags?post=86925"}],"curies":[{"name":"wp","href":"https:\/\/api.w.org\/{rel}","templated":true}]}}