{"id":86920,"date":"2021-03-27T22:28:12","date_gmt":"2021-03-28T01:28:12","guid":{"rendered":"http:\/\/vinasfm.com\/noticias\/?p=86920"},"modified":"2021-03-29T09:57:43","modified_gmt":"2021-03-29T12:57:43","slug":"el-obispo-taussig-autorizo-nuevamente-a-dar-la-comunion-en-la-boca","status":"publish","type":"post","link":"https:\/\/vinasfm.com\/noticias\/el-obispo-taussig-autorizo-nuevamente-a-dar-la-comunion-en-la-boca\/","title":{"rendered":"EL OBISPO TAUSSIG AUTORIZ\u00d3 NUEVAMENTE A DAR LA COMUNI\u00d3N EN LA BOCA"},"content":{"rendered":"<h4><strong><span style=\"color: #000000;\">El Obispado que administra el sur mendocino, a cargo del Obispo Taussig, autoriz\u00f3 a trav\u00e9s de una nota a que los sacerdotes den la comuni\u00f3n en la boca tras suspenderse el pasado a\u00f1o por la situaci\u00f3n sanitaria.\u00a0<\/span><\/strong><\/h4>\n<p><span style=\"color: #000000;\">La carta que tambien fue destinada a los administradores parroquiales reza: &#8216;<em>Luego de haber escuchado el Consejo Presbiteral en la reuni\u00f3n del pasado martes 23 me hago cargo de la situaci\u00f3n de muchos fieles de varias comunidades, que optado por no comulgar en la mano y hacer la comuni\u00f3n espiritual cuando participan presencialmente de la Eucarist\u00eda.<\/em><\/span><\/p>\n<p><span style=\"color: #000000;\"><em>Teniendo en cuenta la situaci\u00f3n epidemiol\u00f3gica en los tres departamentos de la Di\u00f3cesis, habiendo escuchado el parecer de sus autoridades competentes y ante la inminencia de la Semana Santa, deseo procurar el mejor bien espiritual de las almas, la pacificaci\u00f3n de los corazones heridos y avanzar en un camino de reconciliaci\u00f3n y unidad<\/em><\/span><\/p>\n<p><span style=\"color: #000000;\"><em>Por ello resuelvo que <strong>cada PARROCO O ADMINISTRADOR PARROQUIAL, en el \u00e1mbito de su propia jurisdicci\u00f3n si lo ve oportuno, autorice a dar la comuni\u00f3n en la boca a los fieles que as\u00ed lo piden, con las debidas cautelas sanitarias (como las que se han prescripto en Di\u00f3cesis hermanas) mientras la situaci\u00f3n sanitaria no se agrave y pueda requerir otras determinaciones<\/strong>.<\/em><\/span><\/p>\n<p><span style=\"color: #000000;\"><em>De mi parte, buscando el bien corporal y espiritual de todos los fieles, recomiendo vivamente recibir la comuni\u00f3n en la mano, como signo del cuidado de la vida propia y del pr\u00f3jimo, y de caridad y ejemplaridad para los otros cat\u00f3licos y para los que no son.<\/em><\/span><\/p>\n<p><span style=\"color: #000000;\"><em>Asimismo exhorto encarecidamente a que esta medida sirva para favorecer un camino de comuni\u00f3n con la Iglesia Madre y Maestra, Cat\u00f3lica y Apost\u00f3lica que pone en igualdad de condiciones los modos leg\u00edtimos de comulgar en la Argentina ( en la mano o en la boca), y para una mejor presentaci\u00f3n catequ\u00e9tica atinada, paciente y fiel al Magisterio de la Iglesia.<\/em><\/span><\/p>\n<p><span style=\"color: #000000;\"><em>Aprovecho la ocasi\u00f3n para agradecer a todos los sacerdotes que han honrado sus promesas y obediencia cumpliendo la normativa establecida hasta el momento, como as\u00ed tambi\u00e9n a los religiosos, religiosas, consagrados y consagrados, y a todos los fieles laicos que han aceptado con fe y genuina devoci\u00f3n las medidas vigentes hasta ahora.<\/em><\/span><\/p>\n<p><span style=\"color: #000000;\"><em>Exhorto a los presb\u00edteros y laicos que no lo han hecho as\u00eda que, con humildad y actitud eclesial se valgan de esta nueva prescripci\u00f3n para retomar un camino de comuni\u00f3n con el Obispo y con la Iglesia Diocesana, y para reparar el esc\u00e1ndalo suscitado y sanar las heridas del pueblo de Dios.<\/em><\/span><\/p>\n<p><span style=\"color: #000000;\"><em>Que Mar\u00eda Sant\u00edsima, en la fiesta de la Anunciaci\u00f3n con la humildad obediencial ilumine el camino de todos y nos ayude a celebrar los cercanos misterios pascuales con la mejor Fe, Esperanza y Amor en poder renovador de la Pascua Jud\u00eda, Nuestro Se\u00f1or<\/em>&#8216;.<\/span><\/p>\n<h5><span style=\"color: #000000;\">\u2022F.B.<\/span><\/h5>\n","protected":false},"excerpt":{"rendered":"<p>El Obispado que administra el sur mendocino, a cargo del Obispo Taussig, autoriz\u00f3 a trav\u00e9s de una nota a que los &#8230;<\/p>\n","protected":false},"author":8,"featured_media":86921,"comment_status":"open","ping_status":"open","sticky":false,"template":"","format":"standard","meta":{"footnotes":""},"categories":[5,63],"tags":[],"class_list":["post-86920","post","type-post","status-publish","format-standard","has-post-thumbnail","hentry","category-actualidad","category-iglesia"],"_links":{"self":[{"href":"https:\/\/vinasfm.com\/noticias\/wp-json\/wp\/v2\/posts\/86920","targetHints":{"allow":["GET"]}}],"collection":[{"href":"https:\/\/vinasfm.com\/noticias\/wp-json\/wp\/v2\/posts"}],"about":[{"href":"https:\/\/vinasfm.com\/noticias\/wp-json\/wp\/v2\/types\/post"}],"author":[{"embeddable":true,"href":"https:\/\/vinasfm.com\/noticias\/wp-json\/wp\/v2\/users\/8"}],"replies":[{"embeddable":true,"href":"https:\/\/vinasfm.com\/noticias\/wp-json\/wp\/v2\/comments?post=86920"}],"version-history":[{"count":3,"href":"https:\/\/vinasfm.com\/noticias\/wp-json\/wp\/v2\/posts\/86920\/revisions"}],"predecessor-version":[{"id":86924,"href":"https:\/\/vinasfm.com\/noticias\/wp-json\/wp\/v2\/posts\/86920\/revisions\/86924"}],"wp:featuredmedia":[{"embeddable":true,"href":"https:\/\/vinasfm.com\/noticias\/wp-json\/wp\/v2\/media\/86921"}],"wp:attachment":[{"href":"https:\/\/vinasfm.com\/noticias\/wp-json\/wp\/v2\/media?parent=86920"}],"wp:term":[{"taxonomy":"category","embeddable":true,"href":"https:\/\/vinasfm.com\/noticias\/wp-json\/wp\/v2\/categories?post=86920"},{"taxonomy":"post_tag","embeddable":true,"href":"https:\/\/vinasfm.com\/noticias\/wp-json\/wp\/v2\/tags?post=86920"}],"curies":[{"name":"wp","href":"https:\/\/api.w.org\/{rel}","templated":true}]}}