{"id":86905,"date":"2021-03-26T12:02:15","date_gmt":"2021-03-26T15:02:15","guid":{"rendered":"http:\/\/vinasfm.com\/noticias\/?p=86905"},"modified":"2021-03-26T17:34:58","modified_gmt":"2021-03-26T20:34:58","slug":"daniel-lopez-se-sumo-al-reclamo-contra-la-disminucion-de-frecuencias-de-colectivos-locales","status":"publish","type":"post","link":"https:\/\/vinasfm.com\/noticias\/daniel-lopez-se-sumo-al-reclamo-contra-la-disminucion-de-frecuencias-de-colectivos-locales\/","title":{"rendered":"DANIEL L\u00d3PEZ SE SUM\u00d3 AL RECLAMO CONTRA LA DISMINUCI\u00d3N DE FRECUENCIAS DE COLECTIVOS LOCALES"},"content":{"rendered":"<h4><span style=\"color: #000000;\"><strong><span style=\"color: #000000;\">La falta de frecuencias en el servicio de transporte p\u00fablico en detrimento de los usuarios de los colectivos locales ha generado un sinf\u00edn de reclamos que hasta ahora no han tenido repuesta por parte de la empresa La Uni\u00f3n S.R.L. Desde el Bloque Pro elaboraron una nota destinada al Secretario de Servicios P\u00fablicos para solucionar esta problem\u00e1tica.<\/span><\/strong><\/span><\/h4>\n<p><span style=\"color: #000000;\">Desde el inicio de esta semana se ha hecho p\u00fablico el apoyo de los <strong><em>delegados distritales y concejales departamentales a los vecinos de los distintos distritos<\/em><\/strong> en el pedido de un aumento en las frecuencias. El concejal de PRO <strong>Daniel L\u00f3pez<\/strong> expres\u00f3 a <strong>F.M. Vi\u00f1as<\/strong>:<em><strong> \u00abVenimos trabajando en primera medida para que el servicio p\u00fablico de transporte vuelva a tener la frecuencia que tenia anterior a la pandemia. Entendemos que esto en lugar de haber distanciado a la gente en realidad les ocasion\u00f3 un perjuicio al reducirse la cantidad de frecuencias\u00bb.<\/strong><\/em><\/span><\/p>\n<p><span style=\"color: #000000;\">Desde los distintos distritos se ha hecho llegar el pedido\u00a0de aumento de frecuencias a la empresa de transporte local pero al momento no ha habido una respuesta favorable<em><strong>: \u00abAlgunas frecuencias se restablecieron pero no as\u00ed la totalidad, siendo que lo que respecta a la frecuencia que correspond\u00edan a los horarios de los colegios por ejemplo han quedo en stand-by\u00bb<\/strong><\/em>, <\/span><\/p>\n<p><span style=\"color: #000000;\">Ante esto, desde el Bloque Pro se envi\u00f3 un pedido con las frecuencias que se deber\u00edan restablecer y recomendaciones con frecuencias nuevas a tener en cuenta: <strong><em>\u00bb Yo creo que en el transcurso de la semana pr\u00f3xima vamos a tener novedades en tanto y en cuento las restricciones en el producto de la pandemia no avancen pero hay muy buena predisposici\u00f3n, entiendo que le hemos hecho el trabajo de campo a la secretaria de servicios p\u00fablicos a trav\u00e9s de la direcci\u00f3n de transporte\u00bb, <\/em><\/strong>concluy\u00f3 L\u00f3pez.<\/span><\/p>\n<p><a href=\"http:\/\/vinasfm.com\/noticias\/wp-content\/uploads\/2021\/03\/ac64e6f6-1edb-4a53-9e7a-bcae17b04ba1.jpg\"><img loading=\"lazy\" decoding=\"async\" class=\"size-full wp-image-86930 aligncenter\" src=\"http:\/\/vinasfm.com\/noticias\/wp-content\/uploads\/2021\/03\/ac64e6f6-1edb-4a53-9e7a-bcae17b04ba1.jpg\" alt=\"\" width=\"894\" height=\"1280\" srcset=\"https:\/\/vinasfm.com\/noticias\/wp-content\/uploads\/2021\/03\/ac64e6f6-1edb-4a53-9e7a-bcae17b04ba1.jpg 894w, https:\/\/vinasfm.com\/noticias\/wp-content\/uploads\/2021\/03\/ac64e6f6-1edb-4a53-9e7a-bcae17b04ba1-210x300.jpg 210w, https:\/\/vinasfm.com\/noticias\/wp-content\/uploads\/2021\/03\/ac64e6f6-1edb-4a53-9e7a-bcae17b04ba1-715x1024.jpg 715w, https:\/\/vinasfm.com\/noticias\/wp-content\/uploads\/2021\/03\/ac64e6f6-1edb-4a53-9e7a-bcae17b04ba1-768x1100.jpg 768w\" sizes=\"auto, (max-width: 894px) 100vw, 894px\" \/><\/a><\/p>\n<h5><span style=\"color: #000000;\">\u2022C.F<\/span><\/h5>\n","protected":false},"excerpt":{"rendered":"<p>La falta de frecuencias en el servicio de transporte p\u00fablico en detrimento de los usuarios de los colectivos locales ha generado &#8230;<\/p>\n","protected":false},"author":7,"featured_media":79438,"comment_status":"open","ping_status":"open","sticky":false,"template":"","format":"standard","meta":{"footnotes":""},"categories":[5,66],"tags":[],"class_list":["post-86905","post","type-post","status-publish","format-standard","has-post-thumbnail","hentry","category-actualidad","category-transporte"],"_links":{"self":[{"href":"https:\/\/vinasfm.com\/noticias\/wp-json\/wp\/v2\/posts\/86905","targetHints":{"allow":["GET"]}}],"collection":[{"href":"https:\/\/vinasfm.com\/noticias\/wp-json\/wp\/v2\/posts"}],"about":[{"href":"https:\/\/vinasfm.com\/noticias\/wp-json\/wp\/v2\/types\/post"}],"author":[{"embeddable":true,"href":"https:\/\/vinasfm.com\/noticias\/wp-json\/wp\/v2\/users\/7"}],"replies":[{"embeddable":true,"href":"https:\/\/vinasfm.com\/noticias\/wp-json\/wp\/v2\/comments?post=86905"}],"version-history":[{"count":5,"href":"https:\/\/vinasfm.com\/noticias\/wp-json\/wp\/v2\/posts\/86905\/revisions"}],"predecessor-version":[{"id":86940,"href":"https:\/\/vinasfm.com\/noticias\/wp-json\/wp\/v2\/posts\/86905\/revisions\/86940"}],"wp:featuredmedia":[{"embeddable":true,"href":"https:\/\/vinasfm.com\/noticias\/wp-json\/wp\/v2\/media\/79438"}],"wp:attachment":[{"href":"https:\/\/vinasfm.com\/noticias\/wp-json\/wp\/v2\/media?parent=86905"}],"wp:term":[{"taxonomy":"category","embeddable":true,"href":"https:\/\/vinasfm.com\/noticias\/wp-json\/wp\/v2\/categories?post=86905"},{"taxonomy":"post_tag","embeddable":true,"href":"https:\/\/vinasfm.com\/noticias\/wp-json\/wp\/v2\/tags?post=86905"}],"curies":[{"name":"wp","href":"https:\/\/api.w.org\/{rel}","templated":true}]}}