{"id":86876,"date":"2021-03-26T12:15:08","date_gmt":"2021-03-26T15:15:08","guid":{"rendered":"http:\/\/vinasfm.com\/noticias\/?p=86876"},"modified":"2021-03-26T12:21:52","modified_gmt":"2021-03-26T15:21:52","slug":"tormenta-han-precipitado-25-mm-en-ciudad-y-60-mm-en-zona-del-secano-alvearense","status":"publish","type":"post","link":"https:\/\/vinasfm.com\/noticias\/tormenta-han-precipitado-25-mm-en-ciudad-y-60-mm-en-zona-del-secano-alvearense\/","title":{"rendered":"TORMENTA: HAN PRECIPITADO 25 MM EN CIUDAD Y 60 MM EN ZONA DEL SECANO ALVEARENSE"},"content":{"rendered":"<h4><span style=\"color: #000000;\"><strong>Desde que comenz\u00f3 a precipitar en nuestra regi\u00f3n se ha registrado una acumulaci\u00f3n de 25 mm en Ciudad y en algunas zonas de secano hasta horas de la noche llevaban unos 60 mm acumulados.<\/strong><\/span><\/h4>\n<p><span style=\"color: #000000;\">El <strong>Director de Defensa Civil Adolfo Valverde, <\/strong>en comunicaci\u00f3n con<strong> F.M. VI\u00d1AS<\/strong>, explic\u00f3: <strong><em>\u00abAyer fue una jornada con respecto al \u00e1rea de defensa civil bastante tranquila, tuvimos solamente dos reclamos de algunas ramas ca\u00eddas y un \u00e1rbol ca\u00eddo que fue en hora de la tarde. Ha estado trabajando la gente de direcci\u00f3n de contingencias, sabemos que estuvo asistiendo a algunas en Bowen, pero ha sido muy tranquilo en nuestra direcci\u00f3n\u00bb.<\/em><\/strong><\/span><\/p>\n<p><span style=\"color: #000000;\">Para la zona del campo ha sido una buena jornada pero para quienes est\u00e1n en cosecha estas lluvias complican la labor de la misma, durante el 2020 tuvimos mucha sequia en el departamento donde tanto campos, fincas y dem\u00e1s producciones se vieron afectadas.<\/span><\/p>\n<p><span style=\"color: #000000;\">La lluvia ha sido constante y con abundante agua pero no ha tra\u00eddo complicaciones, <em><strong>Valverde agreg\u00f3: \u00abLos 25 mm han sido en 24 hs, cuando hemos tenido complicaciones los mil\u00edmetros precipitados entre 40\/50 o 60 mm precipitados en una hora eso son los que nos complican, hemos estado dando algunas vueltas en algunos sectores complicados que tenemos cuando precipita tanta cantidad de agua no hemos tenido ning\u00fan inconveniente\u00bb.<\/strong><\/em><\/span><\/p>\n<p><span style=\"color: #000000;\"><strong>SIMULACROS EN LAS ESCUELAS<\/strong><\/span><\/p>\n<p><span style=\"color: #000000;\"><strong>La Direcci\u00f3n de Defensa Civil<\/strong> es la encargada de programar simulacros en las distintas instituciones educativas para educar a los ni\u00f1os, j\u00f3venes y adolescentes sobre c\u00f3mo actuar en esas \u00a0situaci\u00f3n:\u00a0<em><strong>\u00abNosotros cuando no hab\u00eda pandemia mensualmente \u00edbamos a cada escuela haciendo capacitaciones y haciendo los simulacros de sismos. El a\u00f1o pasado quisimos hacerlo virtual pero se nos complica bastante por lo que este a\u00f1o vamos a ver si lo podemos hacerlo presencial\u00bb<\/strong><\/em>. <\/span><\/p>\n<p><span style=\"color: #000000;\">Desde este \u00e1rea se esta esperando el cronograma de defensa civil de la provincia para poder empezar a realizarlo en forma presencial:<em> \u00ab<\/em><strong><em>Los docentes lo practican mensualmente, salvo este a\u00f1o pasado de pandemia que no se pudo hacer pero esta bastante aceitado y coordinado con el \u00e1rea de defensa civil y direcci\u00f3n general de escuela\u00bb, <\/em><\/strong>concluy\u00f3.<\/span><\/p>\n<h5><span style=\"color: #000000;\">\u2022C.F.<\/span><\/h5>\n","protected":false},"excerpt":{"rendered":"<p>Desde que comenz\u00f3 a precipitar en nuestra regi\u00f3n se ha registrado una acumulaci\u00f3n de 25 mm en Ciudad y en algunas &#8230;<\/p>\n","protected":false},"author":7,"featured_media":15169,"comment_status":"open","ping_status":"open","sticky":false,"template":"","format":"standard","meta":{"footnotes":""},"categories":[5,51],"tags":[],"class_list":["post-86876","post","type-post","status-publish","format-standard","has-post-thumbnail","hentry","category-actualidad","category-defensa-civil"],"_links":{"self":[{"href":"https:\/\/vinasfm.com\/noticias\/wp-json\/wp\/v2\/posts\/86876","targetHints":{"allow":["GET"]}}],"collection":[{"href":"https:\/\/vinasfm.com\/noticias\/wp-json\/wp\/v2\/posts"}],"about":[{"href":"https:\/\/vinasfm.com\/noticias\/wp-json\/wp\/v2\/types\/post"}],"author":[{"embeddable":true,"href":"https:\/\/vinasfm.com\/noticias\/wp-json\/wp\/v2\/users\/7"}],"replies":[{"embeddable":true,"href":"https:\/\/vinasfm.com\/noticias\/wp-json\/wp\/v2\/comments?post=86876"}],"version-history":[{"count":3,"href":"https:\/\/vinasfm.com\/noticias\/wp-json\/wp\/v2\/posts\/86876\/revisions"}],"predecessor-version":[{"id":86881,"href":"https:\/\/vinasfm.com\/noticias\/wp-json\/wp\/v2\/posts\/86876\/revisions\/86881"}],"wp:featuredmedia":[{"embeddable":true,"href":"https:\/\/vinasfm.com\/noticias\/wp-json\/wp\/v2\/media\/15169"}],"wp:attachment":[{"href":"https:\/\/vinasfm.com\/noticias\/wp-json\/wp\/v2\/media?parent=86876"}],"wp:term":[{"taxonomy":"category","embeddable":true,"href":"https:\/\/vinasfm.com\/noticias\/wp-json\/wp\/v2\/categories?post=86876"},{"taxonomy":"post_tag","embeddable":true,"href":"https:\/\/vinasfm.com\/noticias\/wp-json\/wp\/v2\/tags?post=86876"}],"curies":[{"name":"wp","href":"https:\/\/api.w.org\/{rel}","templated":true}]}}