{"id":86847,"date":"2021-03-25T22:30:35","date_gmt":"2021-03-26T01:30:35","guid":{"rendered":"http:\/\/vinasfm.com\/noticias\/?p=86847"},"modified":"2021-03-26T12:21:27","modified_gmt":"2021-03-26T15:21:27","slug":"monte-coman-vandalos-causaron-destrozos-en-el-predio-de-san-expedito","status":"publish","type":"post","link":"https:\/\/vinasfm.com\/noticias\/monte-coman-vandalos-causaron-destrozos-en-el-predio-de-san-expedito\/","title":{"rendered":"MONTE COM\u00c1N: V\u00c1NDALOS CAUSARON DESTROZOS EN EL PREDIO DE SAN EXPEDITO"},"content":{"rendered":"<h4><strong><span style=\"color: #000000;\">Durante la madrugada de este jueves, v\u00e1ndalos causaron destrozos en el predio de San Expedito ubicado en el distrito de Monte Com\u00e1n.<\/span><\/strong><\/h4>\n<p><span style=\"color: #000000;\">Seg\u00fan algunos vecinos del lugar los da\u00f1os fueron producidos por &#8216;muchachones&#8217; que <strong>huyeron de la polic\u00eda cerca de las tres de la madrugada<\/strong>. Horas m\u00e1s tarde el lugar apareci\u00f3 con las macetas destruidas, seg\u00fan public\u00f3 <em><strong>Mediamendoza<\/strong><\/em>.<\/span><\/p>\n<p><span style=\"color: #000000;\">Este es el primer acto de vandalismo que sufre el santuario que a\u00f1o a a\u00f1o es visitado por cientos de sus fieles.<\/span><\/p>\n","protected":false},"excerpt":{"rendered":"<p>Durante la madrugada de este jueves, v\u00e1ndalos causaron destrozos en el predio de San Expedito ubicado en el distrito de Monte &#8230;<\/p>\n","protected":false},"author":8,"featured_media":86848,"comment_status":"open","ping_status":"open","sticky":false,"template":"","format":"standard","meta":{"footnotes":""},"categories":[5,4],"tags":[],"class_list":["post-86847","post","type-post","status-publish","format-standard","has-post-thumbnail","hentry","category-actualidad","category-policiales"],"_links":{"self":[{"href":"https:\/\/vinasfm.com\/noticias\/wp-json\/wp\/v2\/posts\/86847","targetHints":{"allow":["GET"]}}],"collection":[{"href":"https:\/\/vinasfm.com\/noticias\/wp-json\/wp\/v2\/posts"}],"about":[{"href":"https:\/\/vinasfm.com\/noticias\/wp-json\/wp\/v2\/types\/post"}],"author":[{"embeddable":true,"href":"https:\/\/vinasfm.com\/noticias\/wp-json\/wp\/v2\/users\/8"}],"replies":[{"embeddable":true,"href":"https:\/\/vinasfm.com\/noticias\/wp-json\/wp\/v2\/comments?post=86847"}],"version-history":[{"count":1,"href":"https:\/\/vinasfm.com\/noticias\/wp-json\/wp\/v2\/posts\/86847\/revisions"}],"predecessor-version":[{"id":86849,"href":"https:\/\/vinasfm.com\/noticias\/wp-json\/wp\/v2\/posts\/86847\/revisions\/86849"}],"wp:featuredmedia":[{"embeddable":true,"href":"https:\/\/vinasfm.com\/noticias\/wp-json\/wp\/v2\/media\/86848"}],"wp:attachment":[{"href":"https:\/\/vinasfm.com\/noticias\/wp-json\/wp\/v2\/media?parent=86847"}],"wp:term":[{"taxonomy":"category","embeddable":true,"href":"https:\/\/vinasfm.com\/noticias\/wp-json\/wp\/v2\/categories?post=86847"},{"taxonomy":"post_tag","embeddable":true,"href":"https:\/\/vinasfm.com\/noticias\/wp-json\/wp\/v2\/tags?post=86847"}],"curies":[{"name":"wp","href":"https:\/\/api.w.org\/{rel}","templated":true}]}}