{"id":86835,"date":"2021-03-25T23:55:39","date_gmt":"2021-03-26T02:55:39","guid":{"rendered":"http:\/\/vinasfm.com\/noticias\/?p=86835"},"modified":"2021-03-26T12:23:44","modified_gmt":"2021-03-26T15:23:44","slug":"defensa-civil-y-servicios-publicos-brindaron-recomendaciones-para-prevenir-incidencias-durante-la-tormenta","status":"publish","type":"post","link":"https:\/\/vinasfm.com\/noticias\/defensa-civil-y-servicios-publicos-brindaron-recomendaciones-para-prevenir-incidencias-durante-la-tormenta\/","title":{"rendered":"DEFENSA CIVIL Y SERVICIOS P\u00daBLICOS BRINDARON RECOMENDACIONES PARA PREVENIR INCIDENCIAS DURANTE LA TORMENTA"},"content":{"rendered":"<h4><strong><span style=\"color: #000000;\"><span style=\"color: #000000;\">Como el pron\u00f3stico hab\u00eda previsto para hoy jueves y ma\u00f1ana viernes, se anticip\u00f3 que se registrar\u00eda un marcado descenso de la temperatura y tormentas por lo que desde el \u00c1rea de Defensa Civil y el \u00c1rea de Servicio P\u00fablicos est\u00e1n trabajando en conjunto en la\u00a0prevenci\u00f3n\u00a0de incidencias.\u00a0<\/span><\/span><\/strong><\/h4>\n<p><span style=\"color: #000000;\">Hay<em style=\"font-weight: bold;\"> alerta amarilla para el d\u00eda de hoy<\/em>, con <em><strong>lluvias y tormentas de<\/strong> <strong>distintas intensidades<\/strong><\/em>, las mismas pueden estar acompa\u00f1adas con <em><strong>fuertes r\u00e1fagas de vientos, ca\u00edda de granizo y<\/strong><\/em> <em><strong>abundante agua\u00a0<\/strong><\/em>en distintos periodos, se esperan entre <strong>20 y 40 mm<\/strong>.<\/span><\/p>\n<p><span style=\"color: #000000;\">En di\u00e1logo con <em><strong>F.M. VI\u00d1AS, Adolfo Balverde Director de Defensa Civil<\/strong><\/em>, explic\u00f3 como se esta trabajando: <em><strong>\u00abTenemos una alerta amarilla a partir desde esta ma\u00f1ana, en toda la provincia de Mendoza con algunas precipitaciones y algunas tormentas aisladas y van a seguir durante toda la jornada del d\u00eda de hoy y se va a extender hasta el d\u00eda de ma\u00f1ana en horas del medio d\u00eda y horas de la y tarde\u00bb.<\/strong><\/em><\/span><\/p>\n<p><span style=\"color: #000000;\">Desde el <strong><em>\u00c1rea de Servicios P\u00fablicos, Pablo Reyes en los micr\u00f3fonos de F.M. VI\u00d1AS<\/em><\/strong>, expres\u00f3:<strong><em> \u00abHemos hecho algunos recorridos con algunos capataces, con la gente que est\u00e1 en la calle recorriendo sectores, desagotes, salidas fluviales y estar preparados por esta cantidad de agua\u00bb. <\/em><\/strong><\/span><\/p>\n<p><span style=\"color: #000000;\">El funcionario agreg\u00f3:<em style=\"font-weight: bold;\"> \u00abEs importante lo que siempre pido, que los vecinos cuidemos la limpieza, que no tiremos bolsas, botellas que es lo que pueda hacer que los desagotes no funcionen correctamente\u00bb.<\/em><\/span><\/p>\n<p><span style=\"color: #000000;\">Como cada vez que el clima no acompa\u00f1a, el \u00e1rea de defensa civil tiene personal trabajando las 24hs por si surge alg\u00fan inconveniente en alguna zona del departamento.\u00a0<\/span><\/p>\n<h5><span style=\"color: #000000;\">\u2022C.F.<\/span><\/h5>\n","protected":false},"excerpt":{"rendered":"<p>Como el pron\u00f3stico hab\u00eda previsto para hoy jueves y ma\u00f1ana viernes, se anticip\u00f3 que se registrar\u00eda un marcado descenso de la &#8230;<\/p>\n","protected":false},"author":7,"featured_media":52846,"comment_status":"open","ping_status":"open","sticky":false,"template":"","format":"standard","meta":{"footnotes":""},"categories":[5,51],"tags":[],"class_list":["post-86835","post","type-post","status-publish","format-standard","has-post-thumbnail","hentry","category-actualidad","category-defensa-civil"],"_links":{"self":[{"href":"https:\/\/vinasfm.com\/noticias\/wp-json\/wp\/v2\/posts\/86835","targetHints":{"allow":["GET"]}}],"collection":[{"href":"https:\/\/vinasfm.com\/noticias\/wp-json\/wp\/v2\/posts"}],"about":[{"href":"https:\/\/vinasfm.com\/noticias\/wp-json\/wp\/v2\/types\/post"}],"author":[{"embeddable":true,"href":"https:\/\/vinasfm.com\/noticias\/wp-json\/wp\/v2\/users\/7"}],"replies":[{"embeddable":true,"href":"https:\/\/vinasfm.com\/noticias\/wp-json\/wp\/v2\/comments?post=86835"}],"version-history":[{"count":4,"href":"https:\/\/vinasfm.com\/noticias\/wp-json\/wp\/v2\/posts\/86835\/revisions"}],"predecessor-version":[{"id":86846,"href":"https:\/\/vinasfm.com\/noticias\/wp-json\/wp\/v2\/posts\/86835\/revisions\/86846"}],"wp:featuredmedia":[{"embeddable":true,"href":"https:\/\/vinasfm.com\/noticias\/wp-json\/wp\/v2\/media\/52846"}],"wp:attachment":[{"href":"https:\/\/vinasfm.com\/noticias\/wp-json\/wp\/v2\/media?parent=86835"}],"wp:term":[{"taxonomy":"category","embeddable":true,"href":"https:\/\/vinasfm.com\/noticias\/wp-json\/wp\/v2\/categories?post=86835"},{"taxonomy":"post_tag","embeddable":true,"href":"https:\/\/vinasfm.com\/noticias\/wp-json\/wp\/v2\/tags?post=86835"}],"curies":[{"name":"wp","href":"https:\/\/api.w.org\/{rel}","templated":true}]}}