{"id":86815,"date":"2021-03-25T10:23:21","date_gmt":"2021-03-25T13:23:21","guid":{"rendered":"http:\/\/vinasfm.com\/noticias\/?p=86815"},"modified":"2021-03-25T12:19:29","modified_gmt":"2021-03-25T15:19:29","slug":"fuerte-colision-entre-una-camioneta-y-un-vehiculo-en-bowen","status":"publish","type":"post","link":"https:\/\/vinasfm.com\/noticias\/fuerte-colision-entre-una-camioneta-y-un-vehiculo-en-bowen\/","title":{"rendered":"FUERTE COLISI\u00d3N ENTRE UNA CAMIONETA Y UN VEH\u00cdCULO EN BOWEN"},"content":{"rendered":"<p><span style=\"color: #000000;\"><strong>Durante el mediod\u00eda de este mi\u00e9rcoles una camioneta y un veh\u00edculo protagonizaron un accidente de tr\u00e1nsito en la intersecci\u00f3n de calles Col\u00f3n y Alvear, Bowen.<\/strong><\/span><\/p>\n<p><span style=\"color: #000000;\">Seg\u00fan inform\u00f3 Polic\u00eda Vial a <strong>F.M. Vi\u00f1as<\/strong>, el siniestro se produjo a las <strong>13h de ayer<\/strong> por lo que acudi\u00f3 personal de Comisar\u00eda 46\u00b0 a verificar lo sucedido.<\/span><\/p>\n<p><span style=\"color: #000000;\">Tanto el <strong>Chevrolet Corsa<\/strong> como la <strong>Ford F-100<\/strong><span style=\"color: #000000;\"> intervinientes<\/span> eran conducidos por dos hombres mayores de edad, de los cuales <strong>uno revisti\u00f3 lesiones de car\u00e1cter leve<\/strong>.<\/span><\/p>\n<p><span style=\"color: #000000;\">Se labraron actuaciones en averiguaci\u00f3n lesiones bajo instrucci\u00f3n de la Unidad Fiscal del distrito del este.<\/span><\/p>\n<h5><span style=\"color: #000000;\">\u2022F.B.<\/span><\/h5>\n","protected":false},"excerpt":{"rendered":"<p>Durante el mediod\u00eda de este mi\u00e9rcoles una camioneta y un veh\u00edculo protagonizaron un accidente de tr\u00e1nsito en la intersecci\u00f3n de calles &#8230;<\/p>\n","protected":false},"author":8,"featured_media":86816,"comment_status":"open","ping_status":"open","sticky":false,"template":"","format":"standard","meta":{"footnotes":""},"categories":[5,4],"tags":[],"class_list":["post-86815","post","type-post","status-publish","format-standard","has-post-thumbnail","hentry","category-actualidad","category-policiales"],"_links":{"self":[{"href":"https:\/\/vinasfm.com\/noticias\/wp-json\/wp\/v2\/posts\/86815","targetHints":{"allow":["GET"]}}],"collection":[{"href":"https:\/\/vinasfm.com\/noticias\/wp-json\/wp\/v2\/posts"}],"about":[{"href":"https:\/\/vinasfm.com\/noticias\/wp-json\/wp\/v2\/types\/post"}],"author":[{"embeddable":true,"href":"https:\/\/vinasfm.com\/noticias\/wp-json\/wp\/v2\/users\/8"}],"replies":[{"embeddable":true,"href":"https:\/\/vinasfm.com\/noticias\/wp-json\/wp\/v2\/comments?post=86815"}],"version-history":[{"count":1,"href":"https:\/\/vinasfm.com\/noticias\/wp-json\/wp\/v2\/posts\/86815\/revisions"}],"predecessor-version":[{"id":86819,"href":"https:\/\/vinasfm.com\/noticias\/wp-json\/wp\/v2\/posts\/86815\/revisions\/86819"}],"wp:featuredmedia":[{"embeddable":true,"href":"https:\/\/vinasfm.com\/noticias\/wp-json\/wp\/v2\/media\/86816"}],"wp:attachment":[{"href":"https:\/\/vinasfm.com\/noticias\/wp-json\/wp\/v2\/media?parent=86815"}],"wp:term":[{"taxonomy":"category","embeddable":true,"href":"https:\/\/vinasfm.com\/noticias\/wp-json\/wp\/v2\/categories?post=86815"},{"taxonomy":"post_tag","embeddable":true,"href":"https:\/\/vinasfm.com\/noticias\/wp-json\/wp\/v2\/tags?post=86815"}],"curies":[{"name":"wp","href":"https:\/\/api.w.org\/{rel}","templated":true}]}}