{"id":86797,"date":"2021-03-25T22:25:43","date_gmt":"2021-03-26T01:25:43","guid":{"rendered":"http:\/\/vinasfm.com\/noticias\/?p=86797"},"modified":"2021-03-26T12:23:53","modified_gmt":"2021-03-26T15:23:53","slug":"la-disminucion-de-frecuencias-de-colectivos-afecta-a-usuarios-del-transporte-publico-de-toda-la-region","status":"publish","type":"post","link":"https:\/\/vinasfm.com\/noticias\/la-disminucion-de-frecuencias-de-colectivos-afecta-a-usuarios-del-transporte-publico-de-toda-la-region\/","title":{"rendered":"LA DISMINUCI\u00d3N DE FRECUENCIAS DE COLECTIVOS AFECTA A USUARIOS DEL TRANSPORTE P\u00daBLICO DE TODA LA REGI\u00d3N"},"content":{"rendered":"<h4><span style=\"color: #000000;\"><strong>Es una verdadera utop\u00eda para estudiantes y trabajadores que residen en los distintos distritos alvearenses y sanrafaelinos poder cumplir con sus actividades en la Ciudad de Alvear. Si bien desde distintos sectores se han elevado pedidos a la empresa de transporte local, no ha habido una respuesta favorable ya que que aducen responder a la reducci\u00f3n de frecuencias que pidi\u00f3 la Secretaria de Transporte de Mendoza en detrimento de los usuarios<\/strong>.<\/span><\/h4>\n<p><span style=\"color: #000000;\">Con el comienzo del ciclo lectivo 2021, cientos de estudiantes y trabajadores del \u00e1mbito educativo <strong>tienen que buscar otras alternativas para regresar a las localidad en las que residen<\/strong> ya que el a\u00f1o pasado <strong>se suprimi\u00f3 la frecuencia de las 00h<\/strong> no solo a Bowen y Carmensa sino a Real del Padre, Villa Atuel y Monte Com\u00e1n.<\/span><\/p>\n<p><span style=\"color: #000000;\">En la plaza de Real del Padre un grupo de vecinos afectados por la medida se autoconvocar\u00e1n el pr\u00f3ximo s\u00e1bado para elaborar un petitorio firmado para enviarla a <strong>La Uni\u00f3n S.R.L.<\/strong> pero con la publicaci\u00f3n a trav\u00e9s del portal de<\/span> <a href=\"http:\/\/vinasfm.com\/noticias\/real-del-padre-estudiantes-y-docentes-piden-mas-frecuencias-de-colectivos-a-alvear\/\"><strong>www.vinasfm.com<\/strong><\/a><span style=\"color: #000000;\">\u00a0comenzaron a sumarse desde otros puntos del departamento con la misma problem\u00e1tica.<\/span><\/p>\n<p><span style=\"color: #000000;\">Con el <a href=\"https:\/\/launionsrl.com.ar\/horarios\/\">cronograma de horarios actualizado el 15 de marzo de 2021<\/a>, los horarios de regreso a los distintos distritos que cubre el servicio de transporte local representan un verdadero problema para los usuarios ya que desde Alvear a Carmensa el \u00faltimo colectivo sale a las 20:10h; a Bowen a las 20:10h (Por Ruta 188) y a las 22:45h (Por Centenario); a La Escandinava a las 20h; a Real del Padre a las 20:25h.\u00a0<\/span><\/p>\n<p><span style=\"color: #000000;\"><strong>Jorge P\u00e9rez<\/strong>, <strong>Delegado de San Pedro del Atuel<\/strong>, coment\u00f3 en di\u00e1logo con <strong>F.M. Vi\u00f1as<\/strong> la situaci\u00f3n que atraviesan los carmensinos: &#8216;<strong><em>La problem\u00e1tica que acarrea la eliminaci\u00f3n del servicio de las 00h afecta no solo a los estudiantes sino a vecinos que trabajan en Alvear durante la tarde-noche y no tienen manera de regresar. Tambien hay deportistas que practican en el Polideportivo de ciudad y se ven afectadas porque el ultimo colectivo que viene a Carmensa es a las 20:10h quedando una franja horaria abandonada que se necesita<\/em><\/strong>&#8216;.<\/span><\/p>\n<p><span style=\"color: #000000;\">Al ser consultado si desde la Delegaci\u00f3n y el Municipio se han elevado reclamos para solucionar este inconveniente, P\u00e9rez manifest\u00f3: &#8216;<strong><em>Por las distintas v\u00edas se han elevado los reclamos y el Intendente ha gestionado en Mendoza en funci\u00f3n de esto. Consideramos que es una necesidad que se deber\u00edan haber previsto con anterioridad desde V\u00edas y Medios de Transporte y no repensarlo sobre la marcha. Sin transporte p\u00fablico la gente no puede acceder a los servicios de educaci\u00f3n y salud, por ejemplo<\/em><\/strong>&#8216;.<\/span><\/p>\n<p><span style=\"color: #000000;\">Durante el mes de junio de 2019, el Delegado de V\u00edas y Medios de Transporte de Alvear, Ariel Marchan, junto al entonces vicepresidente del HCD Pablo Longo obtuvieron una respuesta favorable en este pedido tras reunirse con el entonces Coordinador de gabinete de la Secretar\u00eda de Servicios P\u00fablicos Leonardo Yapur. Pero con la suspensi\u00f3n de actividades producto de la situaci\u00f3n sanitaria el pasado 2020, los colectivos comenzaron a circular con frecuencias reducidas.<\/span><\/p>\n<p><span style=\"color: #000000;\">Ver tambi\u00e9n:<\/span> <a href=\"http:\/\/vinasfm.com\/noticias\/se-suma-una-nueva-frecuencia-de-colectivo-nocturno-desde-alvear-a-san-rafael\/\">http:\/\/vinasfm.com\/noticias\/se-suma-una-nueva-frecuencia-de-colectivo-nocturno-desde-alvear-a-san-rafael\/<\/a><\/p>\n<h5><span style=\"color: #000000;\">\u2022F.B. (F.M. Vi\u00f1as).<\/span><\/h5>\n","protected":false},"excerpt":{"rendered":"<p>Es una verdadera utop\u00eda para estudiantes y trabajadores que residen en los distintos distritos alvearenses y sanrafaelinos poder cumplir con sus &#8230;<\/p>\n","protected":false},"author":8,"featured_media":36689,"comment_status":"open","ping_status":"open","sticky":false,"template":"","format":"standard","meta":{"footnotes":""},"categories":[5,66],"tags":[],"class_list":["post-86797","post","type-post","status-publish","format-standard","has-post-thumbnail","hentry","category-actualidad","category-transporte"],"_links":{"self":[{"href":"https:\/\/vinasfm.com\/noticias\/wp-json\/wp\/v2\/posts\/86797","targetHints":{"allow":["GET"]}}],"collection":[{"href":"https:\/\/vinasfm.com\/noticias\/wp-json\/wp\/v2\/posts"}],"about":[{"href":"https:\/\/vinasfm.com\/noticias\/wp-json\/wp\/v2\/types\/post"}],"author":[{"embeddable":true,"href":"https:\/\/vinasfm.com\/noticias\/wp-json\/wp\/v2\/users\/8"}],"replies":[{"embeddable":true,"href":"https:\/\/vinasfm.com\/noticias\/wp-json\/wp\/v2\/comments?post=86797"}],"version-history":[{"count":2,"href":"https:\/\/vinasfm.com\/noticias\/wp-json\/wp\/v2\/posts\/86797\/revisions"}],"predecessor-version":[{"id":86807,"href":"https:\/\/vinasfm.com\/noticias\/wp-json\/wp\/v2\/posts\/86797\/revisions\/86807"}],"wp:featuredmedia":[{"embeddable":true,"href":"https:\/\/vinasfm.com\/noticias\/wp-json\/wp\/v2\/media\/36689"}],"wp:attachment":[{"href":"https:\/\/vinasfm.com\/noticias\/wp-json\/wp\/v2\/media?parent=86797"}],"wp:term":[{"taxonomy":"category","embeddable":true,"href":"https:\/\/vinasfm.com\/noticias\/wp-json\/wp\/v2\/categories?post=86797"},{"taxonomy":"post_tag","embeddable":true,"href":"https:\/\/vinasfm.com\/noticias\/wp-json\/wp\/v2\/tags?post=86797"}],"curies":[{"name":"wp","href":"https:\/\/api.w.org\/{rel}","templated":true}]}}