{"id":86785,"date":"2021-03-25T10:20:32","date_gmt":"2021-03-25T13:20:32","guid":{"rendered":"http:\/\/vinasfm.com\/noticias\/?p=86785"},"modified":"2021-03-26T12:24:34","modified_gmt":"2021-03-26T15:24:34","slug":"llega-a-alvear-la-obra-divino-divorcio-comedia-que-protagonizan-rodolfo-ranni-y-viviana-saccone","status":"publish","type":"post","link":"https:\/\/vinasfm.com\/noticias\/llega-a-alvear-la-obra-divino-divorcio-comedia-que-protagonizan-rodolfo-ranni-y-viviana-saccone\/","title":{"rendered":"LLEGA A ALVEAR LA OBRA &#8216;DIVINO DIVORCIO&#8217;, COMEDIA QUE PROTAGONIZAN RODOLFO RANNI Y VIVIANA SACCONE"},"content":{"rendered":"<h4><span style=\"color: #000000;\"><strong>Los reconocidos actores Rodolfo Ranni y Viviana Saccone se presentar\u00e1n en el Teatro Antonio Lafalla el s\u00e1bado 3 de abril con la exitosa obra &#8216;Divino Divorcio&#8217; que engalan\u00f3 las salas en Carlos Paz durante la temporada 20\/21 logrando cinco nominaciones al Premio Carlos de las cuales una gan\u00f3 el &#8216;Tano&#8217; como mejor actor protag\u00f3nico.\u00a0\u00a0<\/strong>\u00a0<\/span><\/h4>\n<p><span style=\"color: #000000;\"><a style=\"color: #000000;\" href=\"http:\/\/vinasfm.com\/noticias\/wp-content\/uploads\/2021\/03\/3589b99f-d5df-43e4-b0c7-d917c263b546-e1616627988704.jpg\"><img loading=\"lazy\" decoding=\"async\" class=\"size-medium wp-image-86786 alignleft\" src=\"http:\/\/vinasfm.com\/noticias\/wp-content\/uploads\/2021\/03\/3589b99f-d5df-43e4-b0c7-d917c263b546-e1616627988704-300x245.jpg\" alt=\"\" width=\"300\" height=\"245\" srcset=\"https:\/\/vinasfm.com\/noticias\/wp-content\/uploads\/2021\/03\/3589b99f-d5df-43e4-b0c7-d917c263b546-e1616627988704-300x245.jpg 300w, https:\/\/vinasfm.com\/noticias\/wp-content\/uploads\/2021\/03\/3589b99f-d5df-43e4-b0c7-d917c263b546-e1616627988704-1024x835.jpg 1024w, https:\/\/vinasfm.com\/noticias\/wp-content\/uploads\/2021\/03\/3589b99f-d5df-43e4-b0c7-d917c263b546-e1616627988704-768x626.jpg 768w, https:\/\/vinasfm.com\/noticias\/wp-content\/uploads\/2021\/03\/3589b99f-d5df-43e4-b0c7-d917c263b546-e1616627988704.jpg 1137w\" sizes=\"auto, (max-width: 300px) 100vw, 300px\" \/><\/a><em><strong>\u201cDivino divorcio\u201d<\/strong><\/em> est\u00e1 escrita por Alfredo Allende, dirigida por Alberto Lecchi y producida por Dami\u00e1n Sequeira: &#8216;<strong><em>La obra cuenta la historia de un matrimonio que tras 20 a\u00f1os de estar juntos quieren festejar lo bueno que fue mientras dur\u00f3 y lo bueno de divorciarse. Transcurre mientras se preparan y organizan esa fiesta<\/em><\/strong>&#8216;, sintetiz\u00f3 en el aire de\u00a0<strong>F.M. Vi\u00f1as <\/strong>la dos veces ganadora del Mart\u00edn Fierro <strong>Viviana Saccone.<\/strong>\u00a0<\/span><\/p>\n<p><span style=\"color: #000000;\">Para lograr la celebraci\u00f3n, los protagonistas contratan a un divorce planner y arman una lista imposible de invitados: el sacerdote que los cas\u00f3, los abogados de ambos esposos, los detectives privados del pasado, los amantes de cada uno y los bomberos que alguna vez debieron controlar las llamas de tanta pasi\u00f3n. Amor y hast\u00edo, verdad y mentira, cordura y locura, guerra y paz, inevitablemente son las caras de una misma moneda: el matrimonio.<\/span><\/p>\n<blockquote><p><span style=\"color: #000000;\"><strong><em>En esta comedia, como en la vida, la felicidad conyugal parece estar al alcance de la mano. Sin embargo, la receta permanece bien escondida.\u00a0\u00a0<\/em><\/strong><\/span><\/p><\/blockquote>\n<p><span style=\"color: #000000;\">Ser\u00e1n\u00a0<strong>dos las funciones<\/strong>\u00a0que realizar\u00e1n en el teatro local el mismo d\u00eda siendo\u00a0<strong>la primera a las 21:30h<\/strong>\u00a0y\u00a0<strong>la<\/strong>\u00a0<strong>segunda a las 23:30h<\/strong>.\u00a0<strong>Las entradas est\u00e1n disponibles<\/strong>\u00a0y se pueden adquirir\u00a0<strong>en la boleter\u00eda<\/strong>\u00a0cuyo valor es de\u00a0<strong>$1000 plantea general<\/strong>\u00a0y\u00a0<strong>$900 jubilados<\/strong>. Vale destacar que el teatro contar\u00e1 con\u00a0<strong>capacidad limitada debido al protocolo el cual comprende un 50% de aforo<\/strong>, distanciamiento en la sala, alcohol en gel y uso del barbijo obligatorio. <\/span><\/p>\n<p><span style=\"color: #000000;\">En otro orden, la multifac\u00e9tica actriz declar\u00f3 que la situaci\u00f3n sanitaria trajo aparejado un cese importante en la actividad pero celebr\u00f3 que este verano el teatro haya sido parte de la agenda social y cultural del pa\u00eds: &#8216;<strong><em>Todos estos proyectos quedaron en carpeta y cuando se habilit\u00f3 el teatro tuvimos que arrancar con doble esfuerzo para lograrlo y la verdad nos alegra poder concretar el regreso a las salas<\/em><\/strong>&#8216;, sostuvo.<\/span><\/p>\n<p><span style=\"color: #000000;\">&#8216;<strong><em>Estuvimos recorriendo en el verano toda la provincia de C\u00f3rdoba y pensamos en comenzar a incluir al resto de las provincias del pa\u00eds. Nos divierte mucho esta obra por eso trataremos que los alvearenses la pasen bien cuando nos presentemos en su teatro<\/em><\/strong>&#8216;, concluy\u00f3 Saccone.\u00a0<\/span><\/p>\n<h5><span style=\"color: #000000;\">\u2022F.B. (F.M. Vi\u00f1as).<\/span><\/h5>\n","protected":false},"excerpt":{"rendered":"<p>Los reconocidos actores Rodolfo Ranni y Viviana Saccone se presentar\u00e1n en el Teatro Antonio Lafalla el s\u00e1bado 3 de abril con &#8230;<\/p>\n","protected":false},"author":8,"featured_media":86787,"comment_status":"open","ping_status":"open","sticky":false,"template":"","format":"standard","meta":{"footnotes":""},"categories":[5,19],"tags":[],"class_list":["post-86785","post","type-post","status-publish","format-standard","has-post-thumbnail","hentry","category-actualidad","category-cultura"],"_links":{"self":[{"href":"https:\/\/vinasfm.com\/noticias\/wp-json\/wp\/v2\/posts\/86785","targetHints":{"allow":["GET"]}}],"collection":[{"href":"https:\/\/vinasfm.com\/noticias\/wp-json\/wp\/v2\/posts"}],"about":[{"href":"https:\/\/vinasfm.com\/noticias\/wp-json\/wp\/v2\/types\/post"}],"author":[{"embeddable":true,"href":"https:\/\/vinasfm.com\/noticias\/wp-json\/wp\/v2\/users\/8"}],"replies":[{"embeddable":true,"href":"https:\/\/vinasfm.com\/noticias\/wp-json\/wp\/v2\/comments?post=86785"}],"version-history":[{"count":1,"href":"https:\/\/vinasfm.com\/noticias\/wp-json\/wp\/v2\/posts\/86785\/revisions"}],"predecessor-version":[{"id":86788,"href":"https:\/\/vinasfm.com\/noticias\/wp-json\/wp\/v2\/posts\/86785\/revisions\/86788"}],"wp:featuredmedia":[{"embeddable":true,"href":"https:\/\/vinasfm.com\/noticias\/wp-json\/wp\/v2\/media\/86787"}],"wp:attachment":[{"href":"https:\/\/vinasfm.com\/noticias\/wp-json\/wp\/v2\/media?parent=86785"}],"wp:term":[{"taxonomy":"category","embeddable":true,"href":"https:\/\/vinasfm.com\/noticias\/wp-json\/wp\/v2\/categories?post=86785"},{"taxonomy":"post_tag","embeddable":true,"href":"https:\/\/vinasfm.com\/noticias\/wp-json\/wp\/v2\/tags?post=86785"}],"curies":[{"name":"wp","href":"https:\/\/api.w.org\/{rel}","templated":true}]}}