{"id":86764,"date":"2021-03-24T15:25:38","date_gmt":"2021-03-24T18:25:38","guid":{"rendered":"http:\/\/vinasfm.com\/noticias\/?p=86764"},"modified":"2021-03-25T12:21:14","modified_gmt":"2021-03-25T15:21:14","slug":"miguel-lopez-brindo-detalles-sobre-la-21-vuelta-de-alvear-y-agradecio-a-todos-los-que-hacen-posible-su-organizacion","status":"publish","type":"post","link":"https:\/\/vinasfm.com\/noticias\/miguel-lopez-brindo-detalles-sobre-la-21-vuelta-de-alvear-y-agradecio-a-todos-los-que-hacen-posible-su-organizacion\/","title":{"rendered":"MIGUEL L\u00d3PEZ BRIND\u00d3 DETALLES SOBRE LA 21\u00b0 VUELTA DE ALVEAR Y AGRADECI\u00d3 A TODOS LOS QUE HACEN POSIBLE SU ORGANIZACI\u00d3N"},"content":{"rendered":"<h4><span style=\"color: #000000;\">En la previa de una nueva Vuelta de General Alvear, el presidente de la Asociaci\u00f3n Alvearense de Ciclismo anticip\u00f3 la cantidad de ciclistas, que superar\u00e1 los 80 participantes y entre quienes estar\u00e1 el campe\u00f3n argentino sub 23. Adem\u00e1s destac\u00f3 el aporte de cada integrante que colabora en la realizaci\u00f3n de la competencia.<\/span><\/h4>\n<p><span style=\"color: #000000;\">Esta noche a las 21 hs, comenzar\u00e1 la 21\u00b0 Vuelta de General Alvear y en di\u00e1logo con FM VI\u00d1AS, Miguel L\u00f3pez brind\u00f3 detalles de una nueva edici\u00f3n de la competencia ciclista del departamento. <strong><em>\u00abEst\u00e1 todo en marcha, con buena cantidad de ciclistas. Se espera que sean m\u00e1s de 80 para esta noche, cuando se ponga en marcha la competencia, entre los que est\u00e1 el campe\u00f3n argentino sub 23 (Mat\u00edas P\u00e9rez) adem\u00e1s de buenos sprinters y gente de otras provincias\u00bb<\/em><\/strong>, manifest\u00f3 el presidente de la Asociaci\u00f3n Alvearense de Ciclismo.<\/span><\/p>\n<p><span style=\"color: #000000;\">Adem\u00e1s, el &#8216;Oso&#8217; aprovech\u00f3 la oportunidad para agradecerles a todos los que hacen posible la realizaci\u00f3n de este gran evento. <em><strong>\u00abTodo marcha bien, la Polic\u00eda est\u00e1, la gente del Hospital est\u00e1, la Direcci\u00f3n de Tr\u00e1nsito y Transportes y mucha otra gente que a veces uno no les alcanza a agradecer. Tambi\u00e9n quiero reconocer a la Direcci\u00f3n de Deportes, coordinada por Jer\u00f3nimo Colla, y a todo su equipo\u00bb<\/strong><\/em>, resalt\u00f3, y en este sentido, record\u00f3: <em><strong>\u00abEsta vuelta va a ser en homenaje a Tito Varela, va a estar su familia acompa\u00f1\u00e1ndonos con las banderas, todos involucrados en la seguridad de los ciclistas\u00bb.<\/strong><\/em><\/span><\/p>\n<p><span style=\"color: #000000;\">Por \u00faltimo, anticipando el Pr\u00f3logo de esta noche y las cuatro etapas que recorrer\u00e1n todo el departamento, aconsej\u00f3 al p\u00fablico: <em><strong>\u00abHay que tener en cuenta la distancia social para favorecer a los ciclistas, para que no pase nada durante la carrera. S\u00e9 que ac\u00e1 en Alvear nos gusta mucho el ciclismo\u00bb<\/strong><\/em>. De esta manera, el presidente de la Asociaci\u00f3n Alvearense de Ciclismo anticip\u00f3 el importante evento que se vivir\u00e1 en los pr\u00f3ximos d\u00edas.<\/span><\/p>\n<p><span style=\"color: #000000;\">Para conocer todos los detalles del recorrido en la 21\u00b0 Vuelta de Alvear<\/span><span style=\"color: #000000;\">,<\/span><strong><span style=\"color: #000000;\"><a style=\"color: #000000;\" href=\"http:\/\/vinasfm.com\/noticias\/anunciaron-el-cronograma-de-competencia-para-la-21-vuelta-de-alvear\/\">hacer clik aqu\u00ed.<\/a><\/span><\/strong><\/p>\n<p><span style=\"color: #000000;\">\u2022<strong>L.A.<\/strong><\/span><\/p>\n","protected":false},"excerpt":{"rendered":"<p>En la previa de una nueva Vuelta de General Alvear, el presidente de la Asociaci\u00f3n Alvearense de Ciclismo anticip\u00f3 la cantidad &#8230;<\/p>\n","protected":false},"author":7,"featured_media":50017,"comment_status":"open","ping_status":"open","sticky":false,"template":"","format":"standard","meta":{"footnotes":""},"categories":[5,3],"tags":[],"class_list":["post-86764","post","type-post","status-publish","format-standard","has-post-thumbnail","hentry","category-actualidad","category-deportes"],"_links":{"self":[{"href":"https:\/\/vinasfm.com\/noticias\/wp-json\/wp\/v2\/posts\/86764","targetHints":{"allow":["GET"]}}],"collection":[{"href":"https:\/\/vinasfm.com\/noticias\/wp-json\/wp\/v2\/posts"}],"about":[{"href":"https:\/\/vinasfm.com\/noticias\/wp-json\/wp\/v2\/types\/post"}],"author":[{"embeddable":true,"href":"https:\/\/vinasfm.com\/noticias\/wp-json\/wp\/v2\/users\/7"}],"replies":[{"embeddable":true,"href":"https:\/\/vinasfm.com\/noticias\/wp-json\/wp\/v2\/comments?post=86764"}],"version-history":[{"count":1,"href":"https:\/\/vinasfm.com\/noticias\/wp-json\/wp\/v2\/posts\/86764\/revisions"}],"predecessor-version":[{"id":86775,"href":"https:\/\/vinasfm.com\/noticias\/wp-json\/wp\/v2\/posts\/86764\/revisions\/86775"}],"wp:featuredmedia":[{"embeddable":true,"href":"https:\/\/vinasfm.com\/noticias\/wp-json\/wp\/v2\/media\/50017"}],"wp:attachment":[{"href":"https:\/\/vinasfm.com\/noticias\/wp-json\/wp\/v2\/media?parent=86764"}],"wp:term":[{"taxonomy":"category","embeddable":true,"href":"https:\/\/vinasfm.com\/noticias\/wp-json\/wp\/v2\/categories?post=86764"},{"taxonomy":"post_tag","embeddable":true,"href":"https:\/\/vinasfm.com\/noticias\/wp-json\/wp\/v2\/tags?post=86764"}],"curies":[{"name":"wp","href":"https:\/\/api.w.org\/{rel}","templated":true}]}}