{"id":86747,"date":"2021-03-25T09:00:06","date_gmt":"2021-03-25T12:00:06","guid":{"rendered":"http:\/\/vinasfm.com\/noticias\/?p=86747"},"modified":"2021-03-25T12:19:59","modified_gmt":"2021-03-25T15:19:59","slug":"este-es-el-nuevo-horario-de-recoleccion-de-residuos-tipo-a","status":"publish","type":"post","link":"https:\/\/vinasfm.com\/noticias\/este-es-el-nuevo-horario-de-recoleccion-de-residuos-tipo-a\/","title":{"rendered":"ESTE ES EL NUEVO HORARIO DE RECOLECCI\u00d3N DE RESIDUOS TIPO A"},"content":{"rendered":"<h4><span style=\"color: #000000;\"><strong>Desde la Direcci\u00f3n de Servicios P\u00fablicos de la Municipalidad dieron a conocer el nuevo horario de la recolecci\u00f3n de los residuos tipo A.<\/strong><\/span><\/h4>\n<p><span style=\"color: #000000;\">En di\u00e1logo con<em><strong> F.M. VI\u00d1AS, Pablo Reyes el Director de Servicios P\u00fablicos<\/strong><\/em> explic\u00f3 los nuevos cambios de horarios para los <strong><em>residuos<\/em> <em>Tipo<\/em> A <em>(<\/em><em>cocina<\/em><em>)<\/em><\/strong>, que empezaron a regir desde el lunes 22;<em><strong> \u00abA partir de esta semana arrancamos a las 14 hs por toda la ciudad, este recorrido se hace a diario\u00bb.<\/strong><\/em><\/span><\/p>\n<p><span style=\"color: #000000;\">El <strong>Director de Servicios P\u00fablicos, agreg\u00f3: \u00ab<em>Quiero pedirle a los vecinos el cuidado d<\/em><\/strong><em><strong><em>e no arrojar, jeringa, agujas o que los vidrios que saquen est\u00e9n se\u00f1alizados, tiene que ver con el cuidado de nuestros compa\u00f1eros de trabajo<\/em>\u00ab.<\/strong><\/em><\/span><\/p>\n<p><span style=\"color: #000000;\">Como ciudadano podemos colaborar sacando la bolsa de residuos una media hora antes, as\u00ed no se producen inconvenientes con roturas y dem\u00e1s.<\/span><\/p>\n<h5><span style=\"color: #000000;\">\u2022C.F.<\/span><\/h5>\n","protected":false},"excerpt":{"rendered":"<p>Desde la Direcci\u00f3n de Servicios P\u00fablicos de la Municipalidad dieron a conocer el nuevo horario de la recolecci\u00f3n de los residuos &#8230;<\/p>\n","protected":false},"author":7,"featured_media":21447,"comment_status":"open","ping_status":"open","sticky":false,"template":"","format":"standard","meta":{"footnotes":""},"categories":[5,68],"tags":[],"class_list":["post-86747","post","type-post","status-publish","format-standard","has-post-thumbnail","hentry","category-actualidad","category-servicios"],"_links":{"self":[{"href":"https:\/\/vinasfm.com\/noticias\/wp-json\/wp\/v2\/posts\/86747","targetHints":{"allow":["GET"]}}],"collection":[{"href":"https:\/\/vinasfm.com\/noticias\/wp-json\/wp\/v2\/posts"}],"about":[{"href":"https:\/\/vinasfm.com\/noticias\/wp-json\/wp\/v2\/types\/post"}],"author":[{"embeddable":true,"href":"https:\/\/vinasfm.com\/noticias\/wp-json\/wp\/v2\/users\/7"}],"replies":[{"embeddable":true,"href":"https:\/\/vinasfm.com\/noticias\/wp-json\/wp\/v2\/comments?post=86747"}],"version-history":[{"count":3,"href":"https:\/\/vinasfm.com\/noticias\/wp-json\/wp\/v2\/posts\/86747\/revisions"}],"predecessor-version":[{"id":86771,"href":"https:\/\/vinasfm.com\/noticias\/wp-json\/wp\/v2\/posts\/86747\/revisions\/86771"}],"wp:featuredmedia":[{"embeddable":true,"href":"https:\/\/vinasfm.com\/noticias\/wp-json\/wp\/v2\/media\/21447"}],"wp:attachment":[{"href":"https:\/\/vinasfm.com\/noticias\/wp-json\/wp\/v2\/media?parent=86747"}],"wp:term":[{"taxonomy":"category","embeddable":true,"href":"https:\/\/vinasfm.com\/noticias\/wp-json\/wp\/v2\/categories?post=86747"},{"taxonomy":"post_tag","embeddable":true,"href":"https:\/\/vinasfm.com\/noticias\/wp-json\/wp\/v2\/tags?post=86747"}],"curies":[{"name":"wp","href":"https:\/\/api.w.org\/{rel}","templated":true}]}}