{"id":86725,"date":"2021-03-24T22:20:28","date_gmt":"2021-03-25T01:20:28","guid":{"rendered":"http:\/\/vinasfm.com\/noticias\/?p=86725"},"modified":"2021-03-25T12:20:48","modified_gmt":"2021-03-25T15:20:48","slug":"real-del-padre-estudiantes-y-docentes-piden-mas-frecuencias-de-colectivos-a-alvear","status":"publish","type":"post","link":"https:\/\/vinasfm.com\/noticias\/real-del-padre-estudiantes-y-docentes-piden-mas-frecuencias-de-colectivos-a-alvear\/","title":{"rendered":"ESTUDIANTES Y DOCENTES PIDEN M\u00c1S FRECUENCIAS DE COLECTIVOS A ALVEAR"},"content":{"rendered":"<div dir=\"auto\">\n<h4><strong><span style=\"color: #000000;\">Un importante grupo de estudiantes y docentes que residen en Real del Padre, Villa Atuel y Monte Com\u00e1n se autoconvocar\u00e1n el pr\u00f3ximo s\u00e1bado en la plaza distrital de Real del Padre para realizar un pedido urgente a la empresa de transporte La Uni\u00f3n S.R.L. con el objetivo de que esta sume frecuencias que permitan su regreso desde la Ciudad de Alvear.<\/span><\/strong><\/h4>\n<p><span style=\"color: #000000;\">El pedido surge ya que muchos vecinos de los distritos mencionados estudian y trabajan en el \u00e1mbito educativo en nuestro departamento, cuyas actividades las desarrollan en horarios nocturnos por ende <strong>necesitan que se agregue el horario de las 00hs<\/strong>. Esto se suma al reclamo de otros recorridos que fueron excluidos, como el de las<strong> 10:00hs<\/strong> y el de las <strong>19:20hs<\/strong>.<\/span><\/p>\n<p><span style=\"color: #000000;\">El s\u00e1bado,<strong> elaborar\u00e1n un petitorio que ser\u00e1 firmado por la comunidad<\/strong> que a pesar de haber elevado la solicitud tiempo atr\u00e1s, no hubo respuesta favorable: \u2018<strong><em>Es imprescindible contar con ese recorrido, para volver luego de estudiar de los institutos terciarios de Alvear<\/em><\/strong>\u2018, explic\u00f3 a <strong>F.M. Vi\u00f1as<\/strong> <strong>Alejandro M\u00e9ndez, estudiante del IES 9-007\u00a0 &#8216;Salvador Calafat&#8217;.<\/strong><\/span><\/p>\n<\/div>\n<h5 dir=\"auto\"><span style=\"color: #000000;\">\u2022F.B.\u00a0<\/span><\/h5>\n","protected":false},"excerpt":{"rendered":"<p>Un importante grupo de estudiantes y docentes que residen en Real del Padre, Villa Atuel y Monte Com\u00e1n se autoconvocar\u00e1n el &#8230;<\/p>\n","protected":false},"author":8,"featured_media":86730,"comment_status":"open","ping_status":"open","sticky":false,"template":"","format":"standard","meta":{"footnotes":""},"categories":[5,66],"tags":[],"class_list":["post-86725","post","type-post","status-publish","format-standard","has-post-thumbnail","hentry","category-actualidad","category-transporte"],"_links":{"self":[{"href":"https:\/\/vinasfm.com\/noticias\/wp-json\/wp\/v2\/posts\/86725","targetHints":{"allow":["GET"]}}],"collection":[{"href":"https:\/\/vinasfm.com\/noticias\/wp-json\/wp\/v2\/posts"}],"about":[{"href":"https:\/\/vinasfm.com\/noticias\/wp-json\/wp\/v2\/types\/post"}],"author":[{"embeddable":true,"href":"https:\/\/vinasfm.com\/noticias\/wp-json\/wp\/v2\/users\/8"}],"replies":[{"embeddable":true,"href":"https:\/\/vinasfm.com\/noticias\/wp-json\/wp\/v2\/comments?post=86725"}],"version-history":[{"count":8,"href":"https:\/\/vinasfm.com\/noticias\/wp-json\/wp\/v2\/posts\/86725\/revisions"}],"predecessor-version":[{"id":86748,"href":"https:\/\/vinasfm.com\/noticias\/wp-json\/wp\/v2\/posts\/86725\/revisions\/86748"}],"wp:featuredmedia":[{"embeddable":true,"href":"https:\/\/vinasfm.com\/noticias\/wp-json\/wp\/v2\/media\/86730"}],"wp:attachment":[{"href":"https:\/\/vinasfm.com\/noticias\/wp-json\/wp\/v2\/media?parent=86725"}],"wp:term":[{"taxonomy":"category","embeddable":true,"href":"https:\/\/vinasfm.com\/noticias\/wp-json\/wp\/v2\/categories?post=86725"},{"taxonomy":"post_tag","embeddable":true,"href":"https:\/\/vinasfm.com\/noticias\/wp-json\/wp\/v2\/tags?post=86725"}],"curies":[{"name":"wp","href":"https:\/\/api.w.org\/{rel}","templated":true}]}}