{"id":86709,"date":"2021-03-24T12:51:47","date_gmt":"2021-03-24T15:51:47","guid":{"rendered":"http:\/\/vinasfm.com\/noticias\/?p=86709"},"modified":"2021-03-25T12:21:25","modified_gmt":"2021-03-25T15:21:25","slug":"acuerdo-para-destrabar-la-obra-de-la-ruta-188-alvear-malargue-entre-los-anuncios-del-presidente","status":"publish","type":"post","link":"https:\/\/vinasfm.com\/noticias\/acuerdo-para-destrabar-la-obra-de-la-ruta-188-alvear-malargue-entre-los-anuncios-del-presidente\/","title":{"rendered":"ACUERDO PARA DESTRABAR LA OBRA DE LA RUTA 188 ALVEAR-MALARG\u00dcE ENTRE LOS ANUNCIOS DEL PRESIDENTE"},"content":{"rendered":"<h4><span style=\"color: #000000;\"><strong>El pasado lunes el Presidente Alberto Fern\u00e1ndez present\u00f3 junto al ministro Gabriel Katopodis el plan de 1000 obras p\u00fablicas para todo el pa\u00eds de las cuales 20 se realizar\u00e1n en Mendoza. <\/strong><\/span><\/h4>\n<p><span style=\"color: #000000;\">En lo que respecta a <strong>Alvear<\/strong> y las v\u00edas que lo conectan con San Rafael y Malarg\u00fce se avanzar\u00e1 con la <strong>Nueva Ruta Nacional 188<\/strong> y <strong>mantenimiento de\u00a0<\/strong><span class=\"highlight\"><strong>Rutas Nacionales 143, 144<\/strong> y <strong>146<\/strong>.<\/span><\/span><\/p>\n<p><span style=\"color: #000000;\">El tramo de la <strong>Ruta Nacional 188 entre nuestro departamento y Malarg\u00fce<\/strong> es una de las obras mas anheladas por ambas comunas ya que permitir\u00e1 contar con nuevo corredor bioce\u00e1nico complementario con el <strong>Paso Internacional Pehuenche<\/strong> conectando el sur mendocino con Chile.\u00a0<\/span><\/p>\n<p><span style=\"color: #000000;\">Gracias a un acuerdo firmado d\u00edas atr\u00e1s se fij\u00f3 la potestad de la obra bajo la \u00f3rbita de Vialidad Nacional que de prosperar destrabar\u00eda el avance de los trabajos.\u00a0<\/span><\/p>\n<ul>\n<li><span style=\"color: #000000;\"><strong>Avance f\u00edsico de la obra: 77,02%<\/strong><\/span><\/li>\n<li><span style=\"color: #000000;\"><strong>Avance financiero: 49,18%<\/strong><\/span><\/li>\n<\/ul>\n<p><span style=\"color: #000000;\">La segunda serie de obras incluye la <strong>r<\/strong><span class=\"highlight\"><strong>ehabilitaci\u00f3n y mantenimiento de la malla 312 que comprenden las Rutas Nacionales 143, 144 y 146<\/strong>.<\/span><\/span><\/p>\n<p><span style=\"color: #000000;\">Abarcar\u00e1 222 kil\u00f3metros de ruta con una inversi\u00f3n que supera los $800 millones y comprende tramos de los accesos a San Rafael. La obra total est\u00e1 pr\u00e1cticamente culminada tras comenzarse en 2017 y se prev\u00e9 que para mayo de 2022 finalice.<\/span><\/p>\n<ul>\n<li><span style=\"color: #000000;\"><strong>Avance f\u00edsico de la obra: 97,60%<\/strong><\/span><\/li>\n<li><span style=\"color: #000000;\"><strong>Avance financiero: 93,80%<\/strong><\/span><\/li>\n<\/ul>\n<h5><span style=\"color: #000000;\">\u2022F.B.<\/span><\/h5>\n","protected":false},"excerpt":{"rendered":"<p>El pasado lunes el Presidente Alberto Fern\u00e1ndez present\u00f3 junto al ministro Gabriel Katopodis el plan de 1000 obras p\u00fablicas para todo &#8230;<\/p>\n","protected":false},"author":8,"featured_media":86710,"comment_status":"open","ping_status":"open","sticky":false,"template":"","format":"standard","meta":{"footnotes":""},"categories":[5,10],"tags":[],"class_list":["post-86709","post","type-post","status-publish","format-standard","has-post-thumbnail","hentry","category-actualidad","category-destacadas"],"_links":{"self":[{"href":"https:\/\/vinasfm.com\/noticias\/wp-json\/wp\/v2\/posts\/86709","targetHints":{"allow":["GET"]}}],"collection":[{"href":"https:\/\/vinasfm.com\/noticias\/wp-json\/wp\/v2\/posts"}],"about":[{"href":"https:\/\/vinasfm.com\/noticias\/wp-json\/wp\/v2\/types\/post"}],"author":[{"embeddable":true,"href":"https:\/\/vinasfm.com\/noticias\/wp-json\/wp\/v2\/users\/8"}],"replies":[{"embeddable":true,"href":"https:\/\/vinasfm.com\/noticias\/wp-json\/wp\/v2\/comments?post=86709"}],"version-history":[{"count":3,"href":"https:\/\/vinasfm.com\/noticias\/wp-json\/wp\/v2\/posts\/86709\/revisions"}],"predecessor-version":[{"id":86713,"href":"https:\/\/vinasfm.com\/noticias\/wp-json\/wp\/v2\/posts\/86709\/revisions\/86713"}],"wp:featuredmedia":[{"embeddable":true,"href":"https:\/\/vinasfm.com\/noticias\/wp-json\/wp\/v2\/media\/86710"}],"wp:attachment":[{"href":"https:\/\/vinasfm.com\/noticias\/wp-json\/wp\/v2\/media?parent=86709"}],"wp:term":[{"taxonomy":"category","embeddable":true,"href":"https:\/\/vinasfm.com\/noticias\/wp-json\/wp\/v2\/categories?post=86709"},{"taxonomy":"post_tag","embeddable":true,"href":"https:\/\/vinasfm.com\/noticias\/wp-json\/wp\/v2\/tags?post=86709"}],"curies":[{"name":"wp","href":"https:\/\/api.w.org\/{rel}","templated":true}]}}