{"id":86583,"date":"2021-03-22T07:32:42","date_gmt":"2021-03-22T10:32:42","guid":{"rendered":"http:\/\/vinasfm.com\/noticias\/?p=86583"},"modified":"2021-03-22T11:56:04","modified_gmt":"2021-03-22T14:56:04","slug":"covid-19-no-hubo-contagios-en-alvear-durante-el-fin-de-semana","status":"publish","type":"post","link":"https:\/\/vinasfm.com\/noticias\/covid-19-no-hubo-contagios-en-alvear-durante-el-fin-de-semana\/","title":{"rendered":"COVID-19: NO HUBO CONTAGIOS EN ALVEAR DURANTE EL FIN DE SEMANA"},"content":{"rendered":"<h4><span style=\"color: #000000;\"><strong>De acuerdo al informe suministrado por el Laboratorio Covid Regi\u00f3n Sur, Alvear no registr\u00f3 casos positivos de Covid-19 en las \u00faltimas 48 horas, lapso en el que se confirm\u00f3 la recuperaci\u00f3n de 2 pacientes.<\/strong><\/span><\/h4>\n<p><span style=\"color: #000000;\">Al momento, el total de casos acumulados en el Hospital\u00a0<em>Enfermeros Argentinos\u00a0<\/em>es de\u00a0<strong>2143 <\/strong><strong>(41 activos, <\/strong><strong>2035 <\/strong><strong>casos recuperados y 69\u00a0<\/strong><strong>fallecimientos<\/strong>).<\/span><\/p>\n<h4 style=\"text-align: center;\"><span style=\"color: #000000;\"><strong>INFORME REGI\u00d3N SUR<\/strong><\/span><\/h4>\n<p><span style=\"color: #000000;\">Este\u00a0<strong>viernes<\/strong>, los tres departamentos del sur mendocino sumaron\u00a0<strong>8 nuevos<\/strong><strong>\u00a0casos de Covid-19.\u00a0<\/strong>Se procesaron <strong>118 muestras de PCR: 110 <\/strong><strong>fueron negativas y 8 <\/strong><b>resultaron positivas.<\/b><\/span><\/p>\n<ul>\n<li><span style=\"color: #000000;\"><strong>GENERAL ALVEAR: 0 casos positivos.<\/strong><\/span><\/li>\n<li><span style=\"color: #000000;\"><strong>SAN RAFAEL: 7 casos positivos.<\/strong><\/span><\/li>\n<li><span style=\"color: #000000;\"><strong>MALARG\u00dcE: 1 caso positivo.<\/strong><\/span><\/li>\n<\/ul>\n<p><span style=\"color: #000000;\"><strong>Con estas cifras, San Rafael, Malarg\u00fce y General Alvear cuentan con 9417 casos positivos confirmados de los cuales 7858 se han recuperado y 208 han perdido la vida por Covid-19.<\/strong><\/span><\/p>\n","protected":false},"excerpt":{"rendered":"<p>De acuerdo al informe suministrado por el Laboratorio Covid Regi\u00f3n Sur, Alvear no registr\u00f3 casos positivos de Covid-19 en las \u00faltimas &#8230;<\/p>\n","protected":false},"author":7,"featured_media":70682,"comment_status":"open","ping_status":"open","sticky":false,"template":"","format":"standard","meta":{"footnotes":""},"categories":[5,62,15],"tags":[],"class_list":["post-86583","post","type-post","status-publish","format-standard","has-post-thumbnail","hentry","category-actualidad","category-coronavirus","category-salud"],"_links":{"self":[{"href":"https:\/\/vinasfm.com\/noticias\/wp-json\/wp\/v2\/posts\/86583","targetHints":{"allow":["GET"]}}],"collection":[{"href":"https:\/\/vinasfm.com\/noticias\/wp-json\/wp\/v2\/posts"}],"about":[{"href":"https:\/\/vinasfm.com\/noticias\/wp-json\/wp\/v2\/types\/post"}],"author":[{"embeddable":true,"href":"https:\/\/vinasfm.com\/noticias\/wp-json\/wp\/v2\/users\/7"}],"replies":[{"embeddable":true,"href":"https:\/\/vinasfm.com\/noticias\/wp-json\/wp\/v2\/comments?post=86583"}],"version-history":[{"count":1,"href":"https:\/\/vinasfm.com\/noticias\/wp-json\/wp\/v2\/posts\/86583\/revisions"}],"predecessor-version":[{"id":86584,"href":"https:\/\/vinasfm.com\/noticias\/wp-json\/wp\/v2\/posts\/86583\/revisions\/86584"}],"wp:featuredmedia":[{"embeddable":true,"href":"https:\/\/vinasfm.com\/noticias\/wp-json\/wp\/v2\/media\/70682"}],"wp:attachment":[{"href":"https:\/\/vinasfm.com\/noticias\/wp-json\/wp\/v2\/media?parent=86583"}],"wp:term":[{"taxonomy":"category","embeddable":true,"href":"https:\/\/vinasfm.com\/noticias\/wp-json\/wp\/v2\/categories?post=86583"},{"taxonomy":"post_tag","embeddable":true,"href":"https:\/\/vinasfm.com\/noticias\/wp-json\/wp\/v2\/tags?post=86583"}],"curies":[{"name":"wp","href":"https:\/\/api.w.org\/{rel}","templated":true}]}}