{"id":86562,"date":"2021-03-20T10:58:53","date_gmt":"2021-03-20T13:58:53","guid":{"rendered":"http:\/\/vinasfm.com\/noticias\/?p=86562"},"modified":"2021-03-20T12:45:04","modified_gmt":"2021-03-20T15:45:04","slug":"comenzo-el-otono-la-estacion-que-se-vive-distinto-en-nuestra-bella-mendoza","status":"publish","type":"post","link":"https:\/\/vinasfm.com\/noticias\/comenzo-el-otono-la-estacion-que-se-vive-distinto-en-nuestra-bella-mendoza\/","title":{"rendered":"COMENZ\u00d3 EL OTO\u00d1O, LA ESTACI\u00d3N QUE SE VIVE DISTINTO EN NUESTRA BELLA MENDOZA"},"content":{"rendered":"<h4><span style=\"color: #000000;\"><strong>Aunque se da por hecho de que el\u00a0oto\u00f1o\u00a0arranca el 21 de marzo, no siempre es as\u00ed y es el caso del 2021. Este a\u00f1o, la transici\u00f3n se dar\u00e1 este s\u00e1bado 20 de marzo y el oto\u00f1o finalizar\u00e1 el lunes 21 de junio.<\/strong><\/span><\/h4>\n<p><span style=\"color: #000000;\">El inicio del oto\u00f1o se produce en el momento del\u00a0<b>equinoccio<\/b>, que tambi\u00e9n marca el comienzo de la primavera en el hemisferio norte. En los \u00faltimos a\u00f1os este fen\u00f3meno viene produci\u00e9ndose en distintas horas del 20 de marzo y se estima que as\u00ed seguir\u00e1 siendo al menos el 2025.<\/span><\/p>\n<p><span style=\"color: #000000;\">En el Hemisferio Sur, y por ende en la Argentina, el oto\u00f1o 2021 comenzar\u00e1 exactamente a las 6.37 de este s\u00e1bado.\u00a0<i>La estaci\u00f3n durar\u00e1 92 d\u00edas y 18 horas<\/i>\u00a0para luego dar paso al invierno.<\/span><\/p>\n<p><span style=\"color: #000000;\">El equinoccio, cuyo nombre proviene del lat\u00edn aequinoctium (\u00abnoche igual\u00bb), sucede cuando el sol se sit\u00faa exactamente sobre un punto de la l\u00ednea ecuatorial, de modo que su luz y su calor se distribuyen de forma similar en ambos hemisferios.<\/span><\/p>\n<p><span style=\"color: #000000;\">Este fen\u00f3meno provoca que el d\u00eda y la noche duren lo mismo. El equinoccio se repite tambi\u00e9n en septiembre, para dar inicio a la primavera en el sur y el oto\u00f1o en el norte.<\/span><\/p>\n<p><span style=\"color: #000000;\"><strong>\u00bfPOR QU\u00c9 NO ES LO MISMO EL OTO\u00d1O EN MENDOZA?<\/strong><\/span><\/p>\n<p><span style=\"color: #000000;\">\u201c<strong>No es lo mismo el oto\u00f1o en Mendoza<\/strong>, hay que andar con el alma hecha un ni\u00f1o, comprenderle el adi\u00f3s a las hojas y acostarse en su sue\u00f1o amarillo\u201d, asegura la canci\u00f3n\u00a0<strong>\u201cTonada de Oto\u00f1o\u201d<\/strong>, que fue escrita por\u00a0<strong>Jorge Sosa<\/strong>, musicalizada por\u00a0<strong>Dami\u00e1n S\u00e1nchez<\/strong>\u00a0y popularizada por la voz de\u00a0<strong>Pocho Sosa<\/strong>.\u00a0<\/span><\/p>\n<p><span style=\"color: #000000;\">No hay dudas de que esta hermosa obra refleja todo lo que ocurre en la estaci\u00f3n mendocina por excelencia: el calor sofocante de enero y febrero desaparece para darle paso a temperaturas m\u00e1s agradables. La paleta de colores cambia y un sinf\u00edn de hojas crea un colch\u00f3n en las veredas que producen una hermosa sensaci\u00f3n al pisarlas.<\/span><\/p>\n<p><span style=\"color: #000000;\">Los vecinos se asoman y barren esas hojas con un gusto que no es el habitual. De esta manera, todo se transforma en una bella postal digna de cualquier cuenta de\u00a0Instagram, desde el barrio hasta la cordillera de Los Andes y las vi\u00f1as a los pies de ella.<\/span><\/p>\n<h4><span style=\"color: #000000;\"><strong>PRON\u00d3STICO\u00a0<\/strong><\/span><\/h4>\n<p><span style=\"color: #000000;\">Para este oto\u00f1o, seg\u00fan nos indica el <a style=\"color: #000000;\" href=\"https:\/\/www.smn.gob.ar\/pronostico-trimestral\" target=\"_blank\" rel=\"noopener noreferrer\">Servicio Meteorol\u00f3gico Nacional<\/a>, en cuanto a lluvias estaremos en par\u00e1metros de precipitaciones normales. Mientras que las temperaturas en toda la regi\u00f3n cuyana tambi\u00e9n estar\u00e1n en los par\u00e1metros normales.<\/span><\/p>\n<h5><span style=\"color: #000000;\">\u2022F.B.<\/span><\/h5>\n","protected":false},"excerpt":{"rendered":"<p>Aunque se da por hecho de que el\u00a0oto\u00f1o\u00a0arranca el 21 de marzo, no siempre es as\u00ed y es el caso del &#8230;<\/p>\n","protected":false},"author":8,"featured_media":20059,"comment_status":"open","ping_status":"open","sticky":false,"template":"","format":"standard","meta":{"footnotes":""},"categories":[5,10],"tags":[],"class_list":["post-86562","post","type-post","status-publish","format-standard","has-post-thumbnail","hentry","category-actualidad","category-destacadas"],"_links":{"self":[{"href":"https:\/\/vinasfm.com\/noticias\/wp-json\/wp\/v2\/posts\/86562","targetHints":{"allow":["GET"]}}],"collection":[{"href":"https:\/\/vinasfm.com\/noticias\/wp-json\/wp\/v2\/posts"}],"about":[{"href":"https:\/\/vinasfm.com\/noticias\/wp-json\/wp\/v2\/types\/post"}],"author":[{"embeddable":true,"href":"https:\/\/vinasfm.com\/noticias\/wp-json\/wp\/v2\/users\/8"}],"replies":[{"embeddable":true,"href":"https:\/\/vinasfm.com\/noticias\/wp-json\/wp\/v2\/comments?post=86562"}],"version-history":[{"count":1,"href":"https:\/\/vinasfm.com\/noticias\/wp-json\/wp\/v2\/posts\/86562\/revisions"}],"predecessor-version":[{"id":86563,"href":"https:\/\/vinasfm.com\/noticias\/wp-json\/wp\/v2\/posts\/86562\/revisions\/86563"}],"wp:featuredmedia":[{"embeddable":true,"href":"https:\/\/vinasfm.com\/noticias\/wp-json\/wp\/v2\/media\/20059"}],"wp:attachment":[{"href":"https:\/\/vinasfm.com\/noticias\/wp-json\/wp\/v2\/media?parent=86562"}],"wp:term":[{"taxonomy":"category","embeddable":true,"href":"https:\/\/vinasfm.com\/noticias\/wp-json\/wp\/v2\/categories?post=86562"},{"taxonomy":"post_tag","embeddable":true,"href":"https:\/\/vinasfm.com\/noticias\/wp-json\/wp\/v2\/tags?post=86562"}],"curies":[{"name":"wp","href":"https:\/\/api.w.org\/{rel}","templated":true}]}}