{"id":86547,"date":"2021-03-25T10:00:31","date_gmt":"2021-03-25T13:00:31","guid":{"rendered":"http:\/\/vinasfm.com\/noticias\/?p=86547"},"modified":"2021-03-26T09:13:50","modified_gmt":"2021-03-26T12:13:50","slug":"se-viene-la-1-asamblea-general-de-la-inspeccion-de-cauce-del-acueducto-ganadero-bowen-canalejas","status":"publish","type":"post","link":"https:\/\/vinasfm.com\/noticias\/se-viene-la-1-asamblea-general-de-la-inspeccion-de-cauce-del-acueducto-ganadero-bowen-canalejas\/","title":{"rendered":"SE REALIZ\u00d3 LA 1\u00b0 ASAMBLEA GENERAL DE LA INSPECCI\u00d3N DE CAUCE DEL ACUEDUCTO GANADERO BOWEN-CANALEJAS"},"content":{"rendered":"<h4><span style=\"color: #000000;\"><strong>El pr\u00f3ximo d\u00eda jueves 25 de marzo a las 18:00h, en el Predio Ferial de Ruta Nacional 188 y calle 7, se llevar\u00e1 a cabo la primera asamblea general ordinaria de usuarios del Acueducto Ganadero Bowen &#8211; Canalejas.<\/strong><\/span><\/h4>\n<p><span style=\"color: #000000;\">Este es un hecho hist\u00f3rico, de suma importancia para la nueva <strong>Inspecci\u00f3n de Cauce<\/strong> que forma parte de la<strong> Cuenca del R\u00edo Atuel<\/strong>, por cuanto en dicha asamblea de usuarios se tratar\u00e1 el <strong>Primer Presupuesto de Gastos<\/strong>. De esta forma se cumple con la facultad de la Inspecci\u00f3n de administrar sus respectivas rentas.<\/span><\/p>\n<p><span style=\"color: #000000;\">Es importante destacar que las inspecciones de cauces son personas de derecho p\u00fablico sin fines de lucro, que gozan de autarqu\u00eda y plena capacidad para actuar en los \u00e1mbitos del derecho p\u00fablico y privado, eligen sus autoridades, elaboran sus presupuestos, conforme lo dispuesto por el art\u00edculo 187 de la Constituci\u00f3n Provincial.<\/span><\/p>\n<h5><span style=\"color: #000000;\">\u2022F.B.<\/span><\/h5>\n","protected":false},"excerpt":{"rendered":"<p>El pr\u00f3ximo d\u00eda jueves 25 de marzo a las 18:00h, en el Predio Ferial de Ruta Nacional 188 y calle 7, &#8230;<\/p>\n","protected":false},"author":8,"featured_media":58416,"comment_status":"open","ping_status":"open","sticky":false,"template":"","format":"standard","meta":{"footnotes":""},"categories":[5,14],"tags":[],"class_list":["post-86547","post","type-post","status-publish","format-standard","has-post-thumbnail","hentry","category-actualidad","category-agro"],"_links":{"self":[{"href":"https:\/\/vinasfm.com\/noticias\/wp-json\/wp\/v2\/posts\/86547","targetHints":{"allow":["GET"]}}],"collection":[{"href":"https:\/\/vinasfm.com\/noticias\/wp-json\/wp\/v2\/posts"}],"about":[{"href":"https:\/\/vinasfm.com\/noticias\/wp-json\/wp\/v2\/types\/post"}],"author":[{"embeddable":true,"href":"https:\/\/vinasfm.com\/noticias\/wp-json\/wp\/v2\/users\/8"}],"replies":[{"embeddable":true,"href":"https:\/\/vinasfm.com\/noticias\/wp-json\/wp\/v2\/comments?post=86547"}],"version-history":[{"count":6,"href":"https:\/\/vinasfm.com\/noticias\/wp-json\/wp\/v2\/posts\/86547\/revisions"}],"predecessor-version":[{"id":86891,"href":"https:\/\/vinasfm.com\/noticias\/wp-json\/wp\/v2\/posts\/86547\/revisions\/86891"}],"wp:featuredmedia":[{"embeddable":true,"href":"https:\/\/vinasfm.com\/noticias\/wp-json\/wp\/v2\/media\/58416"}],"wp:attachment":[{"href":"https:\/\/vinasfm.com\/noticias\/wp-json\/wp\/v2\/media?parent=86547"}],"wp:term":[{"taxonomy":"category","embeddable":true,"href":"https:\/\/vinasfm.com\/noticias\/wp-json\/wp\/v2\/categories?post=86547"},{"taxonomy":"post_tag","embeddable":true,"href":"https:\/\/vinasfm.com\/noticias\/wp-json\/wp\/v2\/tags?post=86547"}],"curies":[{"name":"wp","href":"https:\/\/api.w.org\/{rel}","templated":true}]}}