{"id":86523,"date":"2021-03-19T19:58:26","date_gmt":"2021-03-19T22:58:26","guid":{"rendered":"http:\/\/vinasfm.com\/noticias\/?p=86523"},"modified":"2021-03-22T10:56:37","modified_gmt":"2021-03-22T13:56:37","slug":"desde-cultura-anticiparon-diversas-actividades-para-disfrutar-este-fin-de-semana","status":"publish","type":"post","link":"https:\/\/vinasfm.com\/noticias\/desde-cultura-anticiparon-diversas-actividades-para-disfrutar-este-fin-de-semana\/","title":{"rendered":"DESDE CULTURA ANTICIPARON DIVERSAS ACTIVIDADES PARA DISFRUTAR ESTE FIN DE SEMANA"},"content":{"rendered":"<h4><span style=\"color: #000000;\"><strong>La Directora de Cultura Liana Piedrafita invit\u00f3 a todos los alvearenses a participar de los pr\u00f3ximos eventos culturales, a realizarse en el Cine Teatro Antonio Lafalla y en el Multiespacio Cultural Bodega Fara\u00f3n.<\/strong><\/span><\/h4>\n<p><span style=\"color: #000000;\">Hasta el domingo, <strong>en el Cine se proyectar\u00e1n dos estrenos en 2D<\/strong>, a las <strong>19:15 hs<\/strong> <em><strong>Raya y el \u00daltimo Drag\u00f3n<\/strong> <\/em>y a las <strong>22:00 hs <em>La Noche M\u00e1gica<\/em><\/strong>.<\/span><\/p>\n<p><span style=\"color: #000000;\">&#8216;<strong><em>El s\u00e1bado 20 de marzo a las 21h, en el Teatro Lafalla, la Escuela de Danzas Pierrot dar\u00e1 una Clase P\u00fablica 2021 Por la Paz, el Amor y la Esperanza en el mundo, \u201cLa entrada general es de $200 y quedan pocas en boleter\u00eda<\/em><\/strong>&#8216;, remarc\u00f3 a <em><strong>F.M. Vi\u00f1as<\/strong><\/em><strong> Liana Piedrafita<\/strong>.<\/span><\/p>\n<p><span style=\"color: #000000;\">En <strong>Semana Santa<\/strong>, el jueves 1 de abril habr\u00e1 <strong><em>M\u00fasica cl\u00e1sica por los caminos del vino<\/em><\/strong>, edici\u00f3n homenaje a <strong>Astor Piazzolla<\/strong>, que tendr\u00e1 lugar en Multiespacio Cultural Bodega Fara\u00f3n, para lo cual, el Ministerio de Cultura y Turismo de Mendoza enviar\u00e1 un <strong><em>Cuarteto de Bajos<\/em><\/strong>.<\/span><\/p>\n<p><span style=\"color: #000000;\">Nuevamente, el mejor teatro argentino estar\u00e1 presente en el <strong>Cine Teatro Antonio Lafalla<\/strong>, con la estelar actuaci\u00f3n de <strong>Rodolfo Ranni<\/strong> y <strong>Viviana Saccone<\/strong> en la obra <strong><em>Divino Divorcio<\/em><\/strong>, que obtuvo cinco nominaciones a los <strong>Premios Carlos 2021<\/strong>, resultando Ganador Mejor Actor Protag\u00f3nico. La cita es el <strong>s\u00e1bado 3 de abril<\/strong>, con dos funciones, <strong>21:30 y 23:30h<\/strong>. Hay venta de entradas anticipadas en la boleter\u00eda del teatro, e<strong>l valor de la platea general $1000, jubilados $900<\/strong>.<\/span><\/p>\n<p><span style=\"color: #000000;\">El s\u00e1bado 10 abril estar\u00e1 presente un <strong>elenco de bailarines de Mendoza de danzas contempor\u00e1neas<\/strong> en el Teatro Antonio Lafalla.<\/span><\/p>\n<p><span style=\"color: #000000;\">Respecto a la Bienal de Arte Atuel, <strong>199 son las obras preseleccionadas en dibujo y en grabado para la muestra, que tendr\u00e1 lugar en Multiespacio Cultural Bodega Fara\u00f3n, desde el domingo 25 de abril hasta el s\u00e1bado 8 de mayo<\/strong>, cuando se realizar\u00e1 la <strong>premiaci\u00f3n de $100.000 el primero, $70.000 el segundo y $45.000 el tercer puesto<\/strong> de cada especialidad.<\/span><\/p>\n<h5><span style=\"color: #000000;\">\u2022F.B.<\/span><\/h5>\n","protected":false},"excerpt":{"rendered":"<p>La Directora de Cultura Liana Piedrafita invit\u00f3 a todos los alvearenses a participar de los pr\u00f3ximos eventos culturales, a realizarse en &#8230;<\/p>\n","protected":false},"author":8,"featured_media":86524,"comment_status":"open","ping_status":"open","sticky":false,"template":"","format":"standard","meta":{"footnotes":""},"categories":[5,19],"tags":[],"class_list":["post-86523","post","type-post","status-publish","format-standard","has-post-thumbnail","hentry","category-actualidad","category-cultura"],"_links":{"self":[{"href":"https:\/\/vinasfm.com\/noticias\/wp-json\/wp\/v2\/posts\/86523","targetHints":{"allow":["GET"]}}],"collection":[{"href":"https:\/\/vinasfm.com\/noticias\/wp-json\/wp\/v2\/posts"}],"about":[{"href":"https:\/\/vinasfm.com\/noticias\/wp-json\/wp\/v2\/types\/post"}],"author":[{"embeddable":true,"href":"https:\/\/vinasfm.com\/noticias\/wp-json\/wp\/v2\/users\/8"}],"replies":[{"embeddable":true,"href":"https:\/\/vinasfm.com\/noticias\/wp-json\/wp\/v2\/comments?post=86523"}],"version-history":[{"count":2,"href":"https:\/\/vinasfm.com\/noticias\/wp-json\/wp\/v2\/posts\/86523\/revisions"}],"predecessor-version":[{"id":86551,"href":"https:\/\/vinasfm.com\/noticias\/wp-json\/wp\/v2\/posts\/86523\/revisions\/86551"}],"wp:featuredmedia":[{"embeddable":true,"href":"https:\/\/vinasfm.com\/noticias\/wp-json\/wp\/v2\/media\/86524"}],"wp:attachment":[{"href":"https:\/\/vinasfm.com\/noticias\/wp-json\/wp\/v2\/media?parent=86523"}],"wp:term":[{"taxonomy":"category","embeddable":true,"href":"https:\/\/vinasfm.com\/noticias\/wp-json\/wp\/v2\/categories?post=86523"},{"taxonomy":"post_tag","embeddable":true,"href":"https:\/\/vinasfm.com\/noticias\/wp-json\/wp\/v2\/tags?post=86523"}],"curies":[{"name":"wp","href":"https:\/\/api.w.org\/{rel}","templated":true}]}}