{"id":86512,"date":"2021-03-20T23:54:09","date_gmt":"2021-03-21T02:54:09","guid":{"rendered":"http:\/\/vinasfm.com\/noticias\/?p=86512"},"modified":"2021-03-22T09:49:47","modified_gmt":"2021-03-22T12:49:47","slug":"mas-de-300-vecinos-participaron-del-operativo-movil-de-anses-y-pami-en-alvear","status":"publish","type":"post","link":"https:\/\/vinasfm.com\/noticias\/mas-de-300-vecinos-participaron-del-operativo-movil-de-anses-y-pami-en-alvear\/","title":{"rendered":"M\u00c1S DE 300 VECINOS PARTICIPARON DEL OPERATIVO M\u00d3VIL DE ANSES Y PAMI EN ALVEAR"},"content":{"rendered":"<h4><span style=\"color: #000000;\"><strong>Entre el mi\u00e9rcoles 17 y este viernes 19 se desarroll\u00f3 el segundo Operativo de Unidad de Atenci\u00f3n M\u00f3vil de ANSES, PAMI y el Ministerio de Desarrollo Social de la Naci\u00f3n en los distritos de Bowen, Carmensa y Alvear Oeste llegando a atender a m\u00e1s de 300 beneficiarios que se acercaron a gestionar y realizar tr\u00e1mites.<\/strong><\/span><\/h4>\n<p><span style=\"color: #000000;\">La Titular de la Oficina de Anses, <strong>Myrna Osorio<\/strong>, dialog\u00f3 con <strong>F.M. Vi\u00f1as<\/strong> mientras conclu\u00eda el Operativo: &#8216;<strong><em>C\u00f3mo resultado estamos conformes a pasar del no acompa\u00f1amiento del tiempo pero no fue un impedimento cumplir con lo que hab\u00edamos planificado<\/em><\/strong>&#8216;, evalu\u00f3 y en la misma l\u00ednea subray\u00f3 que estas actividades son &#8216;<strong><em>una forma de acercar las oficinas del Estado Nacional a la ciudadan\u00eda, de brindarle m\u00e1s servicios, es un modo de que es Estado est\u00e9 presente<\/em><\/strong>&#8216;.<\/span><\/p>\n<p><span style=\"color: #000000;\">El mi\u00e9rcoles 17 de 8:30 a 13:30h se despejaron todas las dudas en las instalaciones del <strong>Centro de Jubilados del Distrito de Bowen<\/strong>. El jueves la Atenci\u00f3n M\u00f3vil se traslad\u00f3 hasta<strong> San Pedro del Atuel<\/strong>, en la Uni\u00f3n Vecinal se recibi\u00f3 a todos los vecinos mientras que este viernes estuvieron en el <strong>Centro de Jubilados de Alvear Oeste<\/strong> con la misma metodolog\u00eda de siempre, respetando todos los protocolos de salubridad y sin necesidad de tener turno.<\/span><\/p>\n<p><span style=\"color: #000000;\">&#8216;<strong><em>Si todos no trabajamos juntos este tipo de Operativo no se podr\u00eda dar de modo correcto<\/em><\/strong>&#8216;, manifest\u00f3 Osorio y agreg\u00f3: &#8216;<strong><em>No solo despejamos dudas ya que la gente pudo hacer tr\u00e1mites, brindamos calidad en nuestro servicio es por eso que quiero agradecer en primer lugar a Carlos Gallo, Jefe Regional Cuyo de ANSES por siempre estar pendiente de nuestras demandas y visitarnos, como tambi\u00e9n al Titular del PAMI por el apoyo<\/em><\/strong>&#8216;.<\/span><\/p>\n<h5><span style=\"color: #000000;\">\u2022F.B.<\/span><\/h5>\n","protected":false},"excerpt":{"rendered":"<p>Entre el mi\u00e9rcoles 17 y este viernes 19 se desarroll\u00f3 el segundo Operativo de Unidad de Atenci\u00f3n M\u00f3vil de ANSES, PAMI &#8230;<\/p>\n","protected":false},"author":8,"featured_media":86513,"comment_status":"open","ping_status":"open","sticky":false,"template":"","format":"standard","meta":{"footnotes":""},"categories":[5,50,64],"tags":[],"class_list":["post-86512","post","type-post","status-publish","format-standard","has-post-thumbnail","hentry","category-actualidad","category-anses","category-pami"],"_links":{"self":[{"href":"https:\/\/vinasfm.com\/noticias\/wp-json\/wp\/v2\/posts\/86512","targetHints":{"allow":["GET"]}}],"collection":[{"href":"https:\/\/vinasfm.com\/noticias\/wp-json\/wp\/v2\/posts"}],"about":[{"href":"https:\/\/vinasfm.com\/noticias\/wp-json\/wp\/v2\/types\/post"}],"author":[{"embeddable":true,"href":"https:\/\/vinasfm.com\/noticias\/wp-json\/wp\/v2\/users\/8"}],"replies":[{"embeddable":true,"href":"https:\/\/vinasfm.com\/noticias\/wp-json\/wp\/v2\/comments?post=86512"}],"version-history":[{"count":2,"href":"https:\/\/vinasfm.com\/noticias\/wp-json\/wp\/v2\/posts\/86512\/revisions"}],"predecessor-version":[{"id":86535,"href":"https:\/\/vinasfm.com\/noticias\/wp-json\/wp\/v2\/posts\/86512\/revisions\/86535"}],"wp:featuredmedia":[{"embeddable":true,"href":"https:\/\/vinasfm.com\/noticias\/wp-json\/wp\/v2\/media\/86513"}],"wp:attachment":[{"href":"https:\/\/vinasfm.com\/noticias\/wp-json\/wp\/v2\/media?parent=86512"}],"wp:term":[{"taxonomy":"category","embeddable":true,"href":"https:\/\/vinasfm.com\/noticias\/wp-json\/wp\/v2\/categories?post=86512"},{"taxonomy":"post_tag","embeddable":true,"href":"https:\/\/vinasfm.com\/noticias\/wp-json\/wp\/v2\/tags?post=86512"}],"curies":[{"name":"wp","href":"https:\/\/api.w.org\/{rel}","templated":true}]}}