{"id":86501,"date":"2021-03-19T12:25:51","date_gmt":"2021-03-19T15:25:51","guid":{"rendered":"http:\/\/vinasfm.com\/noticias\/?p=86501"},"modified":"2021-03-19T21:03:21","modified_gmt":"2021-03-20T00:03:21","slug":"el-dia-del-patrono-san-jose-se-celebrara-con-distintas-actividades","status":"publish","type":"post","link":"https:\/\/vinasfm.com\/noticias\/el-dia-del-patrono-san-jose-se-celebrara-con-distintas-actividades\/","title":{"rendered":"EL D\u00cdA DEL &#8216;PATRONO SAN JOS\u00c9&#8217; SE CELEBRAR\u00c1 CON DISTINTAS ACTIVIDADES"},"content":{"rendered":"<h4><span style=\"color: #000000;\">Como todos los 19 de marzo, hoy es el &#8216;D\u00eda de San Jos\u00e9&#8217; patrono de la familia y de nuestro departamento. El sacerdote de la Parroquia San Jos\u00e9 invit\u00f3 a las actividades que han planificado por la fecha.<\/span><\/h4>\n<p><span style=\"color: #000000;\">En comunicaci\u00f3n con <em><strong>F.M. VI\u00d1AS<\/strong><\/em>, el <em><strong>Padre Guillermo<\/strong><\/em> detall\u00f3 las actividades programadas para este viernes: <strong><em>&#8216;Hoy homenajeamos a San Jos\u00e9 por ende vamos a realizar una primera misa a las 15:00h, a las 20:00h se realizar\u00e1 la procesi\u00f3n y despu\u00e9s la Santa Misa en el templo nuevo en honor a San Jos\u00e9&#8217;.<\/em><\/strong><\/span><\/p>\n<p><span style=\"color: #000000;\">&#8216;<strong><em>Las actividades que se realizaran respetando el distanciamiento social y el uso del barbijo<\/em><\/strong>&#8216;, subray\u00f3.\u00a0<\/span><\/p>\n<p><span style=\"color: #000000;\">Para quienes no puedan ir a las actividades el <strong><em>Padre Guillermo<\/em> <\/strong>agreg\u00f3: <strong><em>&#8216;Pueden rezar desde sus casas o mirar a trav\u00e9s del canal de You Tube de la Parroquia Sagrado Coraz\u00f3n donde se va hacer ah\u00ed la misa en honor a San Jos\u00e9&#8217;.\u00a0<\/em><\/strong><\/span><\/p>\n<p><span style=\"color: #000000;\">\u2022C.F.<\/span><\/p>\n","protected":false},"excerpt":{"rendered":"<p>Como todos los 19 de marzo, hoy es el &#8216;D\u00eda de San Jos\u00e9&#8217; patrono de la familia y de nuestro departamento. &#8230;<\/p>\n","protected":false},"author":7,"featured_media":86508,"comment_status":"open","ping_status":"open","sticky":false,"template":"","format":"standard","meta":{"footnotes":""},"categories":[5,63],"tags":[],"class_list":["post-86501","post","type-post","status-publish","format-standard","has-post-thumbnail","hentry","category-actualidad","category-iglesia"],"_links":{"self":[{"href":"https:\/\/vinasfm.com\/noticias\/wp-json\/wp\/v2\/posts\/86501","targetHints":{"allow":["GET"]}}],"collection":[{"href":"https:\/\/vinasfm.com\/noticias\/wp-json\/wp\/v2\/posts"}],"about":[{"href":"https:\/\/vinasfm.com\/noticias\/wp-json\/wp\/v2\/types\/post"}],"author":[{"embeddable":true,"href":"https:\/\/vinasfm.com\/noticias\/wp-json\/wp\/v2\/users\/7"}],"replies":[{"embeddable":true,"href":"https:\/\/vinasfm.com\/noticias\/wp-json\/wp\/v2\/comments?post=86501"}],"version-history":[{"count":3,"href":"https:\/\/vinasfm.com\/noticias\/wp-json\/wp\/v2\/posts\/86501\/revisions"}],"predecessor-version":[{"id":86510,"href":"https:\/\/vinasfm.com\/noticias\/wp-json\/wp\/v2\/posts\/86501\/revisions\/86510"}],"wp:featuredmedia":[{"embeddable":true,"href":"https:\/\/vinasfm.com\/noticias\/wp-json\/wp\/v2\/media\/86508"}],"wp:attachment":[{"href":"https:\/\/vinasfm.com\/noticias\/wp-json\/wp\/v2\/media?parent=86501"}],"wp:term":[{"taxonomy":"category","embeddable":true,"href":"https:\/\/vinasfm.com\/noticias\/wp-json\/wp\/v2\/categories?post=86501"},{"taxonomy":"post_tag","embeddable":true,"href":"https:\/\/vinasfm.com\/noticias\/wp-json\/wp\/v2\/tags?post=86501"}],"curies":[{"name":"wp","href":"https:\/\/api.w.org\/{rel}","templated":true}]}}