{"id":86452,"date":"2021-03-19T18:30:11","date_gmt":"2021-03-19T21:30:11","guid":{"rendered":"http:\/\/vinasfm.com\/noticias\/?p=86452"},"modified":"2021-03-19T20:27:47","modified_gmt":"2021-03-19T23:27:47","slug":"el-procurador-general-alejandro-gulle-visito-alvear-para-coordinar-acciones-contra-la-inseguridad","status":"publish","type":"post","link":"https:\/\/vinasfm.com\/noticias\/el-procurador-general-alejandro-gulle-visito-alvear-para-coordinar-acciones-contra-la-inseguridad\/","title":{"rendered":"EL PROCURADOR GENERAL ALEJANDRO GULL\u00c9 VISIT\u00d3 ALVEAR PARA COORDINAR ACCIONES CONTRA LA INSEGURIDAD"},"content":{"rendered":"<h4><span style=\"color: #000000;\"><strong>El Intendente Walther Marcolini recibi\u00f3 al Procurador General de Mendoza Alejandro Gull\u00e9, con el fin de mantener una reuni\u00f3n sobre seguridad, junto a diferentes representantes de instituciones locales y fuerzas de seguridad con competencia en el Departamento.<\/strong><\/span><\/h4>\n<p><span style=\"color: #000000;\">En la ma\u00f1ana de este jueves, el <strong>Procurador General de Mendoza Alejandro Gull\u00e9<\/strong> con su equipo de trabajo y el<strong> Intendente Walther Marcolini<\/strong>, se reunieron en General Alvear con el <strong>Consejo de Seguridad<\/strong>, <strong>vecinos de distritos y ciudad<\/strong>\u00a0y <strong>representantes de la C\u00e1mara de Comercio<\/strong>\u00a0<strong>para plantear temas y encontrar soluciones relacionados a la seguridad, principalmente en cuanto al funcionamiento de la Unidad Fiscal de la 2da Circunscripci\u00f3n a fin de mejorar los procedimientos<\/strong>. <\/span><\/p>\n<p><span style=\"color: #000000;\">De la importante reuni\u00f3n <strong>tambi\u00e9n participaron la Coordinadora General del Ministerio P\u00fablico Fiscal, Dra. Andrea Ch\u00e1vez<\/strong>; el <strong>nuevo Jefe Distrital de la Polic\u00eda, Comisario Pablo Dom\u00ednguez<\/strong>; el J<strong>efe de la Polic\u00eda Departamental, Comisario Pedro Constanzo<\/strong>; el <strong>Juez Penal de Menores Santiago Barroso<\/strong>; el <strong>Coordinador de fiscales de zona sur Mario Gabrielle<\/strong>; y <strong>fiscales y ayudantes fiscales locales<\/strong>, entre otros.<\/span><\/p>\n<p><span style=\"color: #000000;\">Para contribuir a la prevenci\u00f3n del delito, el Jefe Comunal anunci\u00f3 la <strong>adquisici\u00f3n de 25 c\u00e1maras de seguridad<\/strong> en su \u00faltimo discurso de inicio de sesiones legislativas 2.021, que <strong>requiere de una Inversi\u00f3n superior a los doce millones de pesos<\/strong>.<\/span><\/p>\n<p><span style=\"color: #000000;\">Por su parte, el <strong>Procurador Alejandro Gull\u00e9<\/strong> destac\u00f3 que su sensaci\u00f3n es \u00f3ptima, porque anteriormente solo se hab\u00eda reunido con su personal a cargo:\u201c<strong><em>Hoy hemos escuchado a la comunidad sobre inquietudes que hacen al funcionamiento interno y de seguridad, dado que tiene que haber intercambio de opiniones y un diagn\u00f3stico para la b\u00fasqueda de soluciones<\/em><\/strong>\u201d, expres\u00f3.<\/span><\/p>\n<p><span style=\"color: #000000;\">La seguridad se estructura en tres etapas: prevenci\u00f3n, investigaci\u00f3n del hecho il\u00edcito y la actuaci\u00f3n inmediata frente a un hecho in fraganti: \u201c<strong><em>Hay que acentuar en la prevenci\u00f3n, fortalecer la presencia policial en la calle para evitar la delincuencia, por lo que hace falta m\u00e1s recurso humano<\/em><\/strong>\u201d, manifest\u00f3 Gull\u00e9.<\/span><\/p>\n<p><span style=\"color: #000000;\">\u201c<strong><em>Hay muchas causas para investigar, pero no contamos con los recursos y la suficiente estructura para hacerlo con celeridad. Hoy tenemos oficinas fiscales con un solo ayudante fiscal y sin personal policial, para que est\u00e9 en la calle, con el objetivo de fortalecer la prevenci\u00f3n del delito. Adem\u00e1s, es importante que cualquier persona que se encuentre con un arma, no importa su calibre, en la calle sea detenida y quienes reinciden tambi\u00e9n queden detenidos, excepto si es menor de edad porque tiene amparos legales<\/em><\/strong>\u201d, consign\u00f3 el Procurador General.<\/span><\/p>\n<p><span style=\"color: #000000;\">El Procurador celebr\u00f3 el anuncio del Intendente de adquirir 25 c\u00e1maras y consider\u00f3 que es fundamental que el personal policial que custodie esas c\u00e1maras est\u00e9 bien capacitado.<\/span><\/p>\n<h5><span style=\"color: #000000;\">\u2022F.B.<\/span><\/h5>\n","protected":false},"excerpt":{"rendered":"<p>El Intendente Walther Marcolini recibi\u00f3 al Procurador General de Mendoza Alejandro Gull\u00e9, con el fin de mantener una reuni\u00f3n sobre seguridad, &#8230;<\/p>\n","protected":false},"author":8,"featured_media":86454,"comment_status":"open","ping_status":"open","sticky":false,"template":"","format":"standard","meta":{"footnotes":""},"categories":[5,33],"tags":[],"class_list":["post-86452","post","type-post","status-publish","format-standard","has-post-thumbnail","hentry","category-actualidad","category-seguridad"],"_links":{"self":[{"href":"https:\/\/vinasfm.com\/noticias\/wp-json\/wp\/v2\/posts\/86452","targetHints":{"allow":["GET"]}}],"collection":[{"href":"https:\/\/vinasfm.com\/noticias\/wp-json\/wp\/v2\/posts"}],"about":[{"href":"https:\/\/vinasfm.com\/noticias\/wp-json\/wp\/v2\/types\/post"}],"author":[{"embeddable":true,"href":"https:\/\/vinasfm.com\/noticias\/wp-json\/wp\/v2\/users\/8"}],"replies":[{"embeddable":true,"href":"https:\/\/vinasfm.com\/noticias\/wp-json\/wp\/v2\/comments?post=86452"}],"version-history":[{"count":3,"href":"https:\/\/vinasfm.com\/noticias\/wp-json\/wp\/v2\/posts\/86452\/revisions"}],"predecessor-version":[{"id":86536,"href":"https:\/\/vinasfm.com\/noticias\/wp-json\/wp\/v2\/posts\/86452\/revisions\/86536"}],"wp:featuredmedia":[{"embeddable":true,"href":"https:\/\/vinasfm.com\/noticias\/wp-json\/wp\/v2\/media\/86454"}],"wp:attachment":[{"href":"https:\/\/vinasfm.com\/noticias\/wp-json\/wp\/v2\/media?parent=86452"}],"wp:term":[{"taxonomy":"category","embeddable":true,"href":"https:\/\/vinasfm.com\/noticias\/wp-json\/wp\/v2\/categories?post=86452"},{"taxonomy":"post_tag","embeddable":true,"href":"https:\/\/vinasfm.com\/noticias\/wp-json\/wp\/v2\/tags?post=86452"}],"curies":[{"name":"wp","href":"https:\/\/api.w.org\/{rel}","templated":true}]}}