{"id":86398,"date":"2021-03-18T07:00:35","date_gmt":"2021-03-18T10:00:35","guid":{"rendered":"http:\/\/vinasfm.com\/noticias\/?p=86398"},"modified":"2021-03-19T10:15:21","modified_gmt":"2021-03-19T13:15:21","slug":"una-camioneta-y-un-vehiculo-impactaron-en-la-interseccion-de-calles-piercola-y-olascoaga","status":"publish","type":"post","link":"https:\/\/vinasfm.com\/noticias\/una-camioneta-y-un-vehiculo-impactaron-en-la-interseccion-de-calles-piercola-y-olascoaga\/","title":{"rendered":"UNA CAMIONETA Y UN VEH\u00cdCULO IMPACTARON EN LA INTERSECCI\u00d3N DE CALLES PI\u00c9RCOLA Y OLASCOAGA"},"content":{"rendered":"<h4 dir=\"auto\"><span style=\"color: #000000;\"><strong>En horas de la ma\u00f1ana de este mi\u00e9rcoles, dos veh\u00edculos protagonizaron un accidente de tr\u00e1nsito en la intersecci\u00f3n de calles Olascoaga y Pi\u00e9rola de Ciudad.<\/strong><\/span><\/h4>\n<div dir=\"auto\"><span style=\"color: #000000;\">Alrededor de las <strong>8:30h de ayer<\/strong> un llamado al 911 alert\u00f3 sobre el siniestro en el que intervinieron un <strong>Renault Cl\u00edo<\/strong> y una <strong>camioneta Ford F 100<\/strong>, por lo que el CEO moviliz\u00f3 a personal policial hasta el lugar.<\/span><\/div>\n<div dir=\"auto\"><\/div>\n<div dir=\"auto\"><span style=\"color: #000000;\">Seg\u00fan la reconstrucci\u00f3n del hecho, <strong>el veh\u00edculo circulaba<\/strong> al mando de una mujer<strong> por calle Olascoaga en direcci\u00f3n al sur<\/strong> y al llegar al cruce con la segunda v\u00eda, <strong>no logr\u00f3 aminorar la marcha e impact\u00f3 con el rodado mayor que transitaba hacia el este<\/strong> conducido por un hombre mayor de edad.<\/span><\/div>\n<div dir=\"auto\"><span style=\"color: #000000;\">\u00a0 \u00a0<\/span><\/div>\n<div dir=\"auto\"><span style=\"color: #000000;\">Producto de la colisi\u00f3n solo se registraron da\u00f1os materiales. Afortunadamente <strong>los conductores no sufrieron lesiones<\/strong>, seg\u00fan se\u00f1ala el reporte policial, quienes realizaron las medidas de rigor bajo instrucci\u00f3n de la Unidad Fiscal de Comisar\u00eda 14\u00b0.<\/span><\/div>\n<h5 dir=\"auto\"><span style=\"color: #000000;\">\u2022F.B.\u00a0<\/span><\/h5>\n","protected":false},"excerpt":{"rendered":"<p>En horas de la ma\u00f1ana de este mi\u00e9rcoles, dos veh\u00edculos protagonizaron un accidente de tr\u00e1nsito en la intersecci\u00f3n de calles Olascoaga &#8230;<\/p>\n","protected":false},"author":8,"featured_media":86399,"comment_status":"open","ping_status":"open","sticky":false,"template":"","format":"standard","meta":{"footnotes":""},"categories":[5,4],"tags":[],"class_list":["post-86398","post","type-post","status-publish","format-standard","has-post-thumbnail","hentry","category-actualidad","category-policiales"],"_links":{"self":[{"href":"https:\/\/vinasfm.com\/noticias\/wp-json\/wp\/v2\/posts\/86398","targetHints":{"allow":["GET"]}}],"collection":[{"href":"https:\/\/vinasfm.com\/noticias\/wp-json\/wp\/v2\/posts"}],"about":[{"href":"https:\/\/vinasfm.com\/noticias\/wp-json\/wp\/v2\/types\/post"}],"author":[{"embeddable":true,"href":"https:\/\/vinasfm.com\/noticias\/wp-json\/wp\/v2\/users\/8"}],"replies":[{"embeddable":true,"href":"https:\/\/vinasfm.com\/noticias\/wp-json\/wp\/v2\/comments?post=86398"}],"version-history":[{"count":2,"href":"https:\/\/vinasfm.com\/noticias\/wp-json\/wp\/v2\/posts\/86398\/revisions"}],"predecessor-version":[{"id":86482,"href":"https:\/\/vinasfm.com\/noticias\/wp-json\/wp\/v2\/posts\/86398\/revisions\/86482"}],"wp:featuredmedia":[{"embeddable":true,"href":"https:\/\/vinasfm.com\/noticias\/wp-json\/wp\/v2\/media\/86399"}],"wp:attachment":[{"href":"https:\/\/vinasfm.com\/noticias\/wp-json\/wp\/v2\/media?parent=86398"}],"wp:term":[{"taxonomy":"category","embeddable":true,"href":"https:\/\/vinasfm.com\/noticias\/wp-json\/wp\/v2\/categories?post=86398"},{"taxonomy":"post_tag","embeddable":true,"href":"https:\/\/vinasfm.com\/noticias\/wp-json\/wp\/v2\/tags?post=86398"}],"curies":[{"name":"wp","href":"https:\/\/api.w.org\/{rel}","templated":true}]}}