{"id":86318,"date":"2021-03-17T10:20:20","date_gmt":"2021-03-17T13:20:20","guid":{"rendered":"http:\/\/vinasfm.com\/noticias\/?p=86318"},"modified":"2021-03-18T10:14:23","modified_gmt":"2021-03-18T13:14:23","slug":"de-forma-rapida-y-ordenada-avanza-la-vacunacion-a-docentes-en-alvear","status":"publish","type":"post","link":"https:\/\/vinasfm.com\/noticias\/de-forma-rapida-y-ordenada-avanza-la-vacunacion-a-docentes-en-alvear\/","title":{"rendered":"DE FORMA R\u00c1PIDA Y ORDENADA, AVANZA LA VACUNACI\u00d3N A DOCENTES EN ALVEAR"},"content":{"rendered":"<h4><span style=\"color: #000000;\"><strong>En el Polideportivo Deportistas Alvearenses se lleva a cabo el Operativo de Vacunaci\u00f3n Covid-19 para docentes. Ser\u00e1n 2280 los educadores inmunizados, comenzando por los de nivel inicial y continuando con el resto de los niveles, como el protocolo lo indica.<\/strong><\/span><\/h4>\n<p><span style=\"color: #000000;\">Los docentes <strong>recibieron su turno a trav\u00e9s del GEM<\/strong> para que se presenten seg\u00fan les corresponda, adem\u00e1s los directores tambi\u00e9n ser\u00e1n vacunados. <strong>Es importante destacar que es elecci\u00f3n de cada docente aplicarse la vacuna y no es necesario avisar en caso que se desista<\/strong>.<\/span><\/p>\n<p><span style=\"color: #000000;\"><strong>Roxana Molero<\/strong>,<strong> Directora de Educaci\u00f3n,\u00a0<\/strong>se refiri\u00f3 al respecto:\u00a0\u201c<strong><em>Estuvimos gestionando este espacio del Polideportivo, porque es amplio y para que los docentes pudieran respetar bien los protocolos. Por suerte la vacunaci\u00f3n ha sido m\u00e1s que r\u00e1pida, hemos estado trabajando con la Delegaci\u00f3n de la DGE y con OSEP y eso ha sido fundamental<\/em><\/strong>\u201d.<\/span><\/p>\n<p><span style=\"color: #000000;\">Asimismo, la funcionaria asegur\u00f3 que el operativo continuar\u00e1 en los pr\u00f3ximos d\u00edas: \u201c<strong><em>Por suerte ya se han vacunado los docentes de nivel inicial, de primaria, de los CEBJAS y ma\u00f1ana seguir\u00e1n los celadores as\u00ed que vamos muy r\u00e1pido esto implicar\u00e1 que podremos pasar un a\u00f1o bastante mejor<\/em><\/strong>\u201d.<\/span><\/p>\n<p><span style=\"color: #000000;\">Por otra parte, la <\/span><span style=\"color: #000000;\">Delegada de la DGE<\/span><span style=\"color: #000000;\"> en Alvear <\/span><span style=\"color: #000000;\"><strong>Magali Oneschuk<\/strong>\u00a0manifest\u00f3: \u201c<strong><em>Empezamos la semana pasada en el Hospital Enfermeros Argentinos con 50 docentes, el viernes con 50 m\u00e1s en OSEP y ahora en el Polideportivo ya vamos con 450 educadores, ma\u00f1ana estaremos vacunando a celadores y administrativos<\/em><\/strong>\u201d. Los educadores se mostraron muy conformes con el operativo ya que avanza de manera din\u00e1mica y sin contratiempos.<\/span><\/p>\n<p><span style=\"color: #000000;\">En cuanto a la inoculaci\u00f3n a docentes de CAEs, la <strong>Monitora de SEOS Silvina Morales<\/strong> agreg\u00f3: \u201c<strong><em>Los docentes de los CAES y jardines maternales tambi\u00e9n se han vacunado, en esta semana estar\u00edan todos vacunados. La verdad que es una tranquilidad para los pap\u00e1s porque ellos est\u00e1n en mucho contacto con los chiquitos, son los que m\u00e1s demandan ese cari\u00f1o de los docentes<\/em><\/strong>\u201d.<\/span><\/p>\n<h5><span style=\"color: #000000;\">\u2022F.B.<\/span><\/h5>\n","protected":false},"excerpt":{"rendered":"<p>En el Polideportivo Deportistas Alvearenses se lleva a cabo el Operativo de Vacunaci\u00f3n Covid-19 para docentes. Ser\u00e1n 2280 los educadores inmunizados, &#8230;<\/p>\n","protected":false},"author":8,"featured_media":86321,"comment_status":"open","ping_status":"open","sticky":false,"template":"","format":"standard","meta":{"footnotes":""},"categories":[5,15],"tags":[],"class_list":["post-86318","post","type-post","status-publish","format-standard","has-post-thumbnail","hentry","category-actualidad","category-salud"],"_links":{"self":[{"href":"https:\/\/vinasfm.com\/noticias\/wp-json\/wp\/v2\/posts\/86318","targetHints":{"allow":["GET"]}}],"collection":[{"href":"https:\/\/vinasfm.com\/noticias\/wp-json\/wp\/v2\/posts"}],"about":[{"href":"https:\/\/vinasfm.com\/noticias\/wp-json\/wp\/v2\/types\/post"}],"author":[{"embeddable":true,"href":"https:\/\/vinasfm.com\/noticias\/wp-json\/wp\/v2\/users\/8"}],"replies":[{"embeddable":true,"href":"https:\/\/vinasfm.com\/noticias\/wp-json\/wp\/v2\/comments?post=86318"}],"version-history":[{"count":2,"href":"https:\/\/vinasfm.com\/noticias\/wp-json\/wp\/v2\/posts\/86318\/revisions"}],"predecessor-version":[{"id":86324,"href":"https:\/\/vinasfm.com\/noticias\/wp-json\/wp\/v2\/posts\/86318\/revisions\/86324"}],"wp:featuredmedia":[{"embeddable":true,"href":"https:\/\/vinasfm.com\/noticias\/wp-json\/wp\/v2\/media\/86321"}],"wp:attachment":[{"href":"https:\/\/vinasfm.com\/noticias\/wp-json\/wp\/v2\/media?parent=86318"}],"wp:term":[{"taxonomy":"category","embeddable":true,"href":"https:\/\/vinasfm.com\/noticias\/wp-json\/wp\/v2\/categories?post=86318"},{"taxonomy":"post_tag","embeddable":true,"href":"https:\/\/vinasfm.com\/noticias\/wp-json\/wp\/v2\/tags?post=86318"}],"curies":[{"name":"wp","href":"https:\/\/api.w.org\/{rel}","templated":true}]}}