{"id":86270,"date":"2021-03-16T10:23:12","date_gmt":"2021-03-16T13:23:12","guid":{"rendered":"http:\/\/vinasfm.com\/noticias\/?p=86270"},"modified":"2021-03-16T12:29:14","modified_gmt":"2021-03-16T15:29:14","slug":"tres-instituciones-educativas-suspendieron-sus-actividades-por-las-deplorables-condiciones-edilicias","status":"publish","type":"post","link":"https:\/\/vinasfm.com\/noticias\/tres-instituciones-educativas-suspendieron-sus-actividades-por-las-deplorables-condiciones-edilicias\/","title":{"rendered":"TRES INSTITUCIONES EDUCATIVAS SUSPENDIERON SUS ACTIVIDADES POR LAS DEPLORABLES CONDICIONES EDILICIAS"},"content":{"rendered":"<h4><strong><span style=\"color: #000000;\">Fueron suspendidas las actividades en el edificio de la &#8216;Escuela 12 de Agosto&#8217;, &#8216;R\u00edo Atuel&#8217; y el IES 9-0007 &#8216;Salvador Calafat por problemas edilicios, intensificados por la lluvia del d\u00eda lunes en General Alvear. Sandra Fern\u00e1ndez, directora de la EDA, asegur\u00f3 que han realizado los reclamos pertinentes pero a\u00fan no hay avances del gobierno para realizar las reparaciones correspondientes.<\/span><\/strong><\/h4>\n<p><span style=\"color: #000000;\"><em><strong>En di\u00e1logo con FM VI\u00d1AS, Sandra Fern\u00e1ndez<\/strong><\/em> manifest\u00f3 los inconvenientes que est\u00e1n teniendo en el edificio que alberga a tres comunidades educativas. <em><strong>\u00abTuvimos que suspender las clases nuevamente (<a style=\"color: #000000;\" href=\"http:\/\/vinasfm.com\/noticias\/el-estado-del-edificio-en-el-que-funcionan-tres-instituciones-educativas-obligo-a-suspender-actividades-presenciales\/\">la \u00faltima vez fue a mediados de febrero<\/a>) por las condiciones edilicias en las que estamos trabajando y por la que hace a\u00f1os venimos reclamando\u00bb<\/strong><\/em>, expres\u00f3, y agreg\u00f3: <em><strong>\u00abHicieron algunos trabajos pero no surgieron efectos y estamos esperando que aceleren el arreglo de la escuela. Sabemos que sali\u00f3 la licitaci\u00f3n pero la escuela sigue igual\u00bb.<\/strong><\/em><\/span><\/p>\n<p><span style=\"color: #000000;\">En cuanto a la cantidad de estudiantes afectados por esta obligada decisi\u00f3n, la directora de al Esuela 12 de Agosto, declar\u00f3: <em><strong>\u00abEstoy hablando de 1500 alvearenses, por las matr\u00edculas de las tres instituciones, que no pueden estudiar de forma presencial por las condiciones\u00a0 de escolaridad de los chicos\u00bb.<\/strong><\/em> Y con respecto a estos damnificados, asegur\u00f3: <em><strong>\u00abYa hemos hecho los reclamos pertinentes. Entiendo a la familia, su preocupaci\u00f3n y nosotros tambi\u00e9n queremos presencialidad, pero no podemos garantizar la integridad f\u00edsica de los alumnos ni de nosotros mismos\u00bb.<\/strong><\/em><\/span><\/p>\n<p><span style=\"color: #000000;\">Debido a estas problem\u00e1ticas que no son una novedad, Fern\u00e1ndez comenz\u00f3 a enviar notas desde julio de 2017 (cuando asumi\u00f3 el cargo) solicitando que desde Educaci\u00f3n y la DGE para que realicen un diagn\u00f3stico de la realidad que atraviesa la instituci\u00f3n. Sin embargo, a\u00fan no hay respuestas concretas para solucionar los obst\u00e1culos que la docente detall\u00f3: <em><strong>\u00abHay riesgos de desprendimientos de techos en algunas aulas, las filtraciones de techos generan problemas el\u00e9ctricos, adem\u00e1s de que destruyen pizarrones y afectan bancos y sillas. Como profesional de educaci\u00f3n quiero que se entienda la urgencia de esto, que es muy preocupante\u00bb.<\/strong><\/em><\/span><\/p>\n<h5><span style=\"color: #000000;\">\u2022L.A.<\/span><\/h5>\n","protected":false},"excerpt":{"rendered":"<p>Fueron suspendidas las actividades en el edificio de la &#8216;Escuela 12 de Agosto&#8217;, &#8216;R\u00edo Atuel&#8217; y el IES 9-0007 &#8216;Salvador Calafat &#8230;<\/p>\n","protected":false},"author":7,"featured_media":86297,"comment_status":"open","ping_status":"open","sticky":false,"template":"","format":"standard","meta":{"footnotes":""},"categories":[5,18],"tags":[],"class_list":["post-86270","post","type-post","status-publish","format-standard","has-post-thumbnail","hentry","category-actualidad","category-educacion"],"_links":{"self":[{"href":"https:\/\/vinasfm.com\/noticias\/wp-json\/wp\/v2\/posts\/86270","targetHints":{"allow":["GET"]}}],"collection":[{"href":"https:\/\/vinasfm.com\/noticias\/wp-json\/wp\/v2\/posts"}],"about":[{"href":"https:\/\/vinasfm.com\/noticias\/wp-json\/wp\/v2\/types\/post"}],"author":[{"embeddable":true,"href":"https:\/\/vinasfm.com\/noticias\/wp-json\/wp\/v2\/users\/7"}],"replies":[{"embeddable":true,"href":"https:\/\/vinasfm.com\/noticias\/wp-json\/wp\/v2\/comments?post=86270"}],"version-history":[{"count":4,"href":"https:\/\/vinasfm.com\/noticias\/wp-json\/wp\/v2\/posts\/86270\/revisions"}],"predecessor-version":[{"id":86298,"href":"https:\/\/vinasfm.com\/noticias\/wp-json\/wp\/v2\/posts\/86270\/revisions\/86298"}],"wp:featuredmedia":[{"embeddable":true,"href":"https:\/\/vinasfm.com\/noticias\/wp-json\/wp\/v2\/media\/86297"}],"wp:attachment":[{"href":"https:\/\/vinasfm.com\/noticias\/wp-json\/wp\/v2\/media?parent=86270"}],"wp:term":[{"taxonomy":"category","embeddable":true,"href":"https:\/\/vinasfm.com\/noticias\/wp-json\/wp\/v2\/categories?post=86270"},{"taxonomy":"post_tag","embeddable":true,"href":"https:\/\/vinasfm.com\/noticias\/wp-json\/wp\/v2\/tags?post=86270"}],"curies":[{"name":"wp","href":"https:\/\/api.w.org\/{rel}","templated":true}]}}