{"id":86264,"date":"2021-03-16T12:00:36","date_gmt":"2021-03-16T15:00:36","guid":{"rendered":"http:\/\/vinasfm.com\/noticias\/?p=86264"},"modified":"2021-03-17T07:40:52","modified_gmt":"2021-03-17T10:40:52","slug":"capacitan-a-policias-de-transito-municipal-en-la-aplicacion-de-la-legislacion-vial","status":"publish","type":"post","link":"https:\/\/vinasfm.com\/noticias\/capacitan-a-policias-de-transito-municipal-en-la-aplicacion-de-la-legislacion-vial\/","title":{"rendered":"CAPACITAN A POLIC\u00cdAS DE TR\u00c1NSITO MUNICIPAL EN LA APLICACI\u00d3N DE LA LEGISLACI\u00d3N VIAL"},"content":{"rendered":"<h4><span style=\"color: #000000;\"><strong>El pasado lunes comenz\u00f3 una capacitaci\u00f3n que va a durar 10 d\u00edas, cinco de estos ser\u00e1 en el \u00e1rea te\u00f3rico que se desarrolla en el Polideportivo Deportistas Alvearenses y los otros cinco d\u00edas ser\u00e1n de practica que se desarrollaran en el aer\u00f3dromo de la Ruta 143.<\/strong><\/span><\/h4>\n<p><span style=\"color: #000000;\">Ha venido desde la polic\u00eda provincial a dictar la capacitaci\u00f3n el Instructor el Auxiliar Mayor Arnaldo Rey, en comunicaci\u00f3n con <strong>FM VI\u00d1AS<\/strong> el <strong>Director de la Polic\u00eda Municipal Sergio Agostini<\/strong> expres\u00f3: <em><strong>\u00abLo que se busca con esta capacitaci\u00f3n en el \u00e1rea te\u00f3rica es aclarar conceptos de la ley, unificar criterios con la polic\u00eda de la provincia, recepci\u00f3n de conflictos y en la parte practica se van a proceder a realizar distintas situaciones donde el polic\u00eda va a tener que desempe\u00f1arse de distintas maneras\u00bb.<\/strong><\/em><\/span><\/p>\n<p><span style=\"color: #000000;\">Una de las mayores quejas que tiene la sociedad hacia la polic\u00eda vial es por el tema de las multas, Agostini sobre el tema: <em><strong>\u00abAntes de las multas, tenemos que trabajar en la educaci\u00f3n, es impresionante la cantidad de gente que hoy anda circulando sin licencia de conducir\u00bb.<\/strong><\/em><\/span><\/p>\n<p><span style=\"color: #000000;\">La polic\u00eda Vial Departamental cuanta con 25 efectivos activos y 10 de los mismo est\u00e1n realizando esta capacitaci\u00f3n que se esta brindando en el polideportivo.<\/span><\/p>\n<h5><span style=\"color: #000000;\">\u2022C.F.<\/span><\/h5>\n","protected":false},"excerpt":{"rendered":"<p>El pasado lunes comenz\u00f3 una capacitaci\u00f3n que va a durar 10 d\u00edas, cinco de estos ser\u00e1 en el \u00e1rea te\u00f3rico que &#8230;<\/p>\n","protected":false},"author":7,"featured_media":86269,"comment_status":"open","ping_status":"open","sticky":false,"template":"","format":"standard","meta":{"footnotes":""},"categories":[5,56],"tags":[],"class_list":["post-86264","post","type-post","status-publish","format-standard","has-post-thumbnail","hentry","category-actualidad","category-seguridad-vial"],"_links":{"self":[{"href":"https:\/\/vinasfm.com\/noticias\/wp-json\/wp\/v2\/posts\/86264","targetHints":{"allow":["GET"]}}],"collection":[{"href":"https:\/\/vinasfm.com\/noticias\/wp-json\/wp\/v2\/posts"}],"about":[{"href":"https:\/\/vinasfm.com\/noticias\/wp-json\/wp\/v2\/types\/post"}],"author":[{"embeddable":true,"href":"https:\/\/vinasfm.com\/noticias\/wp-json\/wp\/v2\/users\/7"}],"replies":[{"embeddable":true,"href":"https:\/\/vinasfm.com\/noticias\/wp-json\/wp\/v2\/comments?post=86264"}],"version-history":[{"count":4,"href":"https:\/\/vinasfm.com\/noticias\/wp-json\/wp\/v2\/posts\/86264\/revisions"}],"predecessor-version":[{"id":86335,"href":"https:\/\/vinasfm.com\/noticias\/wp-json\/wp\/v2\/posts\/86264\/revisions\/86335"}],"wp:featuredmedia":[{"embeddable":true,"href":"https:\/\/vinasfm.com\/noticias\/wp-json\/wp\/v2\/media\/86269"}],"wp:attachment":[{"href":"https:\/\/vinasfm.com\/noticias\/wp-json\/wp\/v2\/media?parent=86264"}],"wp:term":[{"taxonomy":"category","embeddable":true,"href":"https:\/\/vinasfm.com\/noticias\/wp-json\/wp\/v2\/categories?post=86264"},{"taxonomy":"post_tag","embeddable":true,"href":"https:\/\/vinasfm.com\/noticias\/wp-json\/wp\/v2\/tags?post=86264"}],"curies":[{"name":"wp","href":"https:\/\/api.w.org\/{rel}","templated":true}]}}