{"id":86258,"date":"2021-03-17T08:30:13","date_gmt":"2021-03-17T11:30:13","guid":{"rendered":"http:\/\/vinasfm.com\/noticias\/?p=86258"},"modified":"2021-03-17T19:56:06","modified_gmt":"2021-03-17T22:56:06","slug":"covid-19-se-registraron-6-nuevos-contagios-en-alvear","status":"publish","type":"post","link":"https:\/\/vinasfm.com\/noticias\/covid-19-se-registraron-6-nuevos-contagios-en-alvear\/","title":{"rendered":"COVID-19: SE REGISTRARON 6 NUEVOS CONTAGIOS EN ALVEAR"},"content":{"rendered":"<h4><strong>De acuerdo al informe suministrado por el Laboratorio Covid Regi\u00f3n Sur, Alvear registr\u00f3 6 casos positivos de Covid-19 en las \u00faltimas 24 horas.<\/strong><\/h4>\n<p>Al momento, el total de casos acumulados en el Hospital\u00a0<em>Enfermeros Argentinos\u00a0<\/em>es de\u00a0<strong>2132 <\/strong><strong>(<\/strong><strong>2027 <\/strong><strong>casos recuperados y 69 <\/strong><strong>fallecimientos<\/strong>).<\/p>\n<h4 style=\"text-align: center;\"><strong>INFORME REGI\u00d3N SUR<\/strong><\/h4>\n<p>Este\u00a0<strong>fin de semana<\/strong>, los tres departamentos del sur mendocino sumaron\u00a0<strong>39 nuevos<\/strong><strong>\u00a0casos de Covid-19.\u00a0<\/strong>Se procesaron\u00a0<strong>141 muestras de PCR: 102 <\/strong><strong>fueron negativas y 39 <\/strong><b>resultaron positivas.<\/b><\/p>\n<ul>\n<li><strong>GENERAL ALVEAR: 6 casos positivos.<\/strong><\/li>\n<li><strong>SAN RAFAEL: 33 casos positivos.<\/strong><\/li>\n<li><strong>MALARG\u00dcE: 0.<\/strong><\/li>\n<\/ul>\n<p><strong>Con estas cifras, San Rafael, Malarg\u00fce y General Alvear cuentan con 9360 casos positivos confirmados de los cuales 7778 se han recuperado y 206 han perdido la vida por Covid-19.<\/strong><\/p>\n<h5>\u2022L.A.<\/h5>\n","protected":false},"excerpt":{"rendered":"<p>De acuerdo al informe suministrado por el Laboratorio Covid Regi\u00f3n Sur, Alvear registr\u00f3 6 casos positivos de Covid-19 en las \u00faltimas &#8230;<\/p>\n","protected":false},"author":8,"featured_media":69636,"comment_status":"open","ping_status":"open","sticky":false,"template":"","format":"standard","meta":{"footnotes":""},"categories":[5,62],"tags":[],"class_list":["post-86258","post","type-post","status-publish","format-standard","has-post-thumbnail","hentry","category-actualidad","category-coronavirus"],"_links":{"self":[{"href":"https:\/\/vinasfm.com\/noticias\/wp-json\/wp\/v2\/posts\/86258","targetHints":{"allow":["GET"]}}],"collection":[{"href":"https:\/\/vinasfm.com\/noticias\/wp-json\/wp\/v2\/posts"}],"about":[{"href":"https:\/\/vinasfm.com\/noticias\/wp-json\/wp\/v2\/types\/post"}],"author":[{"embeddable":true,"href":"https:\/\/vinasfm.com\/noticias\/wp-json\/wp\/v2\/users\/8"}],"replies":[{"embeddable":true,"href":"https:\/\/vinasfm.com\/noticias\/wp-json\/wp\/v2\/comments?post=86258"}],"version-history":[{"count":4,"href":"https:\/\/vinasfm.com\/noticias\/wp-json\/wp\/v2\/posts\/86258\/revisions"}],"predecessor-version":[{"id":86337,"href":"https:\/\/vinasfm.com\/noticias\/wp-json\/wp\/v2\/posts\/86258\/revisions\/86337"}],"wp:featuredmedia":[{"embeddable":true,"href":"https:\/\/vinasfm.com\/noticias\/wp-json\/wp\/v2\/media\/69636"}],"wp:attachment":[{"href":"https:\/\/vinasfm.com\/noticias\/wp-json\/wp\/v2\/media?parent=86258"}],"wp:term":[{"taxonomy":"category","embeddable":true,"href":"https:\/\/vinasfm.com\/noticias\/wp-json\/wp\/v2\/categories?post=86258"},{"taxonomy":"post_tag","embeddable":true,"href":"https:\/\/vinasfm.com\/noticias\/wp-json\/wp\/v2\/tags?post=86258"}],"curies":[{"name":"wp","href":"https:\/\/api.w.org\/{rel}","templated":true}]}}