{"id":86226,"date":"2021-03-16T19:10:46","date_gmt":"2021-03-16T22:10:46","guid":{"rendered":"http:\/\/vinasfm.com\/noticias\/?p=86226"},"modified":"2021-03-17T07:38:40","modified_gmt":"2021-03-17T10:38:40","slug":"tradicionales-se-suspendieron-finales-en-san-carlos-por-exceder-el-limite-de-publico","status":"publish","type":"post","link":"https:\/\/vinasfm.com\/noticias\/tradicionales-se-suspendieron-finales-en-san-carlos-por-exceder-el-limite-de-publico\/","title":{"rendered":"TRADICIONALES: SE SUSPENDIERON FINALES EN SAN CARLOS POR EXCEDER EL L\u00cdMITE DE P\u00daBLICO"},"content":{"rendered":"<h4><strong><span style=\"color: #000000;\">Este domingo se llev\u00f3 a cabo la primera fecha de las Tradicionales en San Carlos, pero por exceso de p\u00fablico no pudieron disputarse las finales en cuatro de las seis categor\u00edas que compitieron en ese aut\u00f3dromo. En las carreras que se llevaron a cabo, hubo buena participaci\u00f3n de alvearenses, con victorias en series para Gustavo Olalla en Sport 4 y N\u00e9lson Gonz\u00e1lez en TC Junior.<\/span><\/strong><\/h4>\n<p><span style=\"color: #000000;\">El pasado domingo se llev\u00f3 a cabo la <strong>primera fecha del campeonato 2021 de las Tradicionales en el Aut\u00f3dromo de San Carlos<\/strong>. Sin embargo, la competencia no pudo desarrollarse con normalidad debido a que lleg\u00f3 <strong>un fiscal junto con personal de Gendarmer\u00eda y detuvieron las pruebas porque se excedi\u00f3 el l\u00edmite de 250 personas en calidad de espectadores. <\/strong><\/span><\/p>\n<p><span style=\"color: #000000;\">En el predio hab\u00eda un total de mil personas, y aunque el <strong>presidente de la FEMAD Hugo Mari explic\u00f3<\/strong>, en di\u00e1logo con Pasi\u00f3n Fierrera, <strong>que unas 700 personas estaban ligadas directamente a la participaci\u00f3n de los veh\u00edculos de las 6 categor\u00edas<\/strong> que se dieron cita en el lugar, <strong>hab\u00eda unos 300 concurrentes que iban solo a ver las carreras.<\/strong><\/span><\/p>\n<p><span style=\"color: #000000;\">Por esa raz\u00f3n, cerca de las 19 hs,<strong> se dieron por finalizadas las pruebas, despu\u00e9s de que se hubieran disputado tres de las seis finales pactadas para la tarde<\/strong>, por lo que <strong>restan las pruebas m\u00e1s importantes de Sport 4, TC Tradicional, TC Junior y Monomarca Fiat<\/strong>. En el marco de la competencia que se pudo llevar a cabo, hubo una importante participaci\u00f3n de los alvearenses que viajaron a San Carlos.<\/span><\/p>\n<p><span style=\"color: #000000;\">En<strong> Sport 4, Gustavo Olalla gan\u00f3 la segunda serie y Pablo &#8216;Kiko&#8217; Carreras termin\u00f3 tercero en la misma tanda<\/strong>, mientras que el realpadrino <strong>Bruno del Pozo (campe\u00f3n 2019) se qued\u00f3 con la primera manga<\/strong>. Por su parte en <strong>TC Junior, Nelson Gonz\u00e1lez (subcampe\u00f3n 2019) gan\u00f3 la segunda serie de la categor\u00eda. <\/strong><\/span><\/p>\n<p><span style=\"color: #000000;\">Estos fueron los resultados m\u00e1s destacados de los pilotos de Alvear. Adem\u00e1s, otros representantes del departamento en San Carlos fueron: <strong>Julio Quiroga (4\u00ba en serie 1 Sport 4), Rom\u00e1n Majstruk (6\u00ba), Ayrton De Noni (8\u00ba) y Adri\u00e1n Barandalla (9\u00ba); Mario Carreras (6\u00ba en serie 2 de Sport 4), Cristian Moncada (7\u00ba), Horacio \u00c1lvarez (9\u00ba) y Daniel Gil (excluido).<\/strong><\/span><\/p>\n<p><span style=\"color: #000000;\">\u2022<strong>L.A.<\/strong><\/span><\/p>\n","protected":false},"excerpt":{"rendered":"<p>Este domingo se llev\u00f3 a cabo la primera fecha de las Tradicionales en San Carlos, pero por exceso de p\u00fablico no &#8230;<\/p>\n","protected":false},"author":7,"featured_media":86265,"comment_status":"open","ping_status":"open","sticky":false,"template":"","format":"standard","meta":{"footnotes":""},"categories":[5,3],"tags":[],"class_list":["post-86226","post","type-post","status-publish","format-standard","has-post-thumbnail","hentry","category-actualidad","category-deportes"],"_links":{"self":[{"href":"https:\/\/vinasfm.com\/noticias\/wp-json\/wp\/v2\/posts\/86226","targetHints":{"allow":["GET"]}}],"collection":[{"href":"https:\/\/vinasfm.com\/noticias\/wp-json\/wp\/v2\/posts"}],"about":[{"href":"https:\/\/vinasfm.com\/noticias\/wp-json\/wp\/v2\/types\/post"}],"author":[{"embeddable":true,"href":"https:\/\/vinasfm.com\/noticias\/wp-json\/wp\/v2\/users\/7"}],"replies":[{"embeddable":true,"href":"https:\/\/vinasfm.com\/noticias\/wp-json\/wp\/v2\/comments?post=86226"}],"version-history":[{"count":6,"href":"https:\/\/vinasfm.com\/noticias\/wp-json\/wp\/v2\/posts\/86226\/revisions"}],"predecessor-version":[{"id":86333,"href":"https:\/\/vinasfm.com\/noticias\/wp-json\/wp\/v2\/posts\/86226\/revisions\/86333"}],"wp:featuredmedia":[{"embeddable":true,"href":"https:\/\/vinasfm.com\/noticias\/wp-json\/wp\/v2\/media\/86265"}],"wp:attachment":[{"href":"https:\/\/vinasfm.com\/noticias\/wp-json\/wp\/v2\/media?parent=86226"}],"wp:term":[{"taxonomy":"category","embeddable":true,"href":"https:\/\/vinasfm.com\/noticias\/wp-json\/wp\/v2\/categories?post=86226"},{"taxonomy":"post_tag","embeddable":true,"href":"https:\/\/vinasfm.com\/noticias\/wp-json\/wp\/v2\/tags?post=86226"}],"curies":[{"name":"wp","href":"https:\/\/api.w.org\/{rel}","templated":true}]}}