{"id":85909,"date":"2021-03-10T22:44:26","date_gmt":"2021-03-11T01:44:26","guid":{"rendered":"http:\/\/vinasfm.com\/noticias\/?p=85909"},"modified":"2021-03-11T10:32:16","modified_gmt":"2021-03-11T13:32:16","slug":"el-municipio-relanza-el-programa-alvear-nutrido","status":"publish","type":"post","link":"https:\/\/vinasfm.com\/noticias\/el-municipio-relanza-el-programa-alvear-nutrido\/","title":{"rendered":"EL MUNICIPIO RELANZ\u00d3 EL PROGRAMA &#8216;ALVEAR NUTRIDO&#8217;"},"content":{"rendered":"<h4><span style=\"color: #000000;\"><strong>La Municipalidad relanz\u00f3 a partir de este mi\u00e9rcoles &#8216;Alvear Nutrido&#8217;, programa <span style=\"line-height: 24px;\">\u00fanico en la provincia\u00a0<\/span><span style=\"line-height: 1.5;\">que se realiza a trav\u00e9s de una triangulaci\u00f3n entre el \u00c1rea de Municipio Saludable,\u00a0 el \u00c1rea Departamental de Salud y la Direcci\u00f3n de Desarrollo Humano.<\/span><\/strong><\/span><\/h4>\n<p><span style=\"color: #000000;\">Este programa busca dar respuesta a todos estos ni\u00f1os que tiene bajo peso. Hay pocos casos de desnutrici\u00f3n que responde a patolog\u00edas que tienen de antemano por lo que se brinda un modelo alimentario que ayuda a colaborar con tratamiento m\u00e9dico.<\/span><\/p>\n<p><span style=\"color: #000000;\"><strong>Norma Ruiz<\/strong>, de la <strong>Secretar\u00eda de Desarrollo Humano<\/strong>, en di\u00e1logo con <strong>FM VI\u00d1AS\u00a0<\/strong>explic\u00f3:\u00a0<em><strong>\u00abPodemos dar a conocer m\u00e1s all\u00e1 de las dificultadas del contexto de pandemia, este programa sigui\u00f3 siendo prestado\u00bb<\/strong><\/em>, en la triangulaci\u00f3n realizada en el a\u00f1o 2018, <strong><em>\u00abnos arrojo un resultado del\u00a0 6% de ni\u00f1os, ni\u00f1as y adolecente se encuentra con bajo peso, ante esa situaci\u00f3n, a trav\u00e9s de un estado municipal a trav\u00e9s del trabajo de las profesionales se presento este programa, el cual el intendente acepto para poder garantizar la alimentaci\u00f3n de estos ni\u00f1os, ni\u00f1as y adolecentes\u00bb.<\/em><\/strong><\/span><\/p>\n<p><span style=\"color: #000000;\">La <strong>Lic. Carina Barr\u00e9<\/strong>\u00a0nos explica la forma en la que se trabaja y como se educa a los ni\u00f1os y a las familias sobre la alimentaci\u00f3n, <em><strong>\u00abNo solamente nosotros podemos solucionar un estado de bajo peso o de desnutrici\u00f3n brind\u00e1ndole alimento a los papas sino tambi\u00e9n los instrumentos y elementos culturales, como elaborar una comida, priorizar los alimentos\u00bb.<\/strong><\/em><\/span><\/p>\n<p><span style=\"color: #000000;\">Los instrumentos, los alimentos y los mecanismos necesarios para que los chicos mejoren , son exclusivamente de fondos municipales, que somos el \u00fanico municipio de la provincia que tiene este programa donde se fusionan tres \u00e1reas para brindarle una mejor calidad de alimentaci\u00f3n a los ni\u00f1os que presentan bajo peso o desnutrici\u00f3n.<\/span><\/p>\n<h5><span style=\"color: #000000;\">\u2022C.F.<\/span><\/h5>\n","protected":false},"excerpt":{"rendered":"<p>La Municipalidad relanz\u00f3 a partir de este mi\u00e9rcoles &#8216;Alvear Nutrido&#8217;, programa \u00fanico en la provincia\u00a0que se realiza a trav\u00e9s de una &#8230;<\/p>\n","protected":false},"author":7,"featured_media":85966,"comment_status":"open","ping_status":"open","sticky":false,"template":"","format":"standard","meta":{"footnotes":""},"categories":[5,10],"tags":[],"class_list":["post-85909","post","type-post","status-publish","format-standard","has-post-thumbnail","hentry","category-actualidad","category-destacadas"],"_links":{"self":[{"href":"https:\/\/vinasfm.com\/noticias\/wp-json\/wp\/v2\/posts\/85909","targetHints":{"allow":["GET"]}}],"collection":[{"href":"https:\/\/vinasfm.com\/noticias\/wp-json\/wp\/v2\/posts"}],"about":[{"href":"https:\/\/vinasfm.com\/noticias\/wp-json\/wp\/v2\/types\/post"}],"author":[{"embeddable":true,"href":"https:\/\/vinasfm.com\/noticias\/wp-json\/wp\/v2\/users\/7"}],"replies":[{"embeddable":true,"href":"https:\/\/vinasfm.com\/noticias\/wp-json\/wp\/v2\/comments?post=85909"}],"version-history":[{"count":4,"href":"https:\/\/vinasfm.com\/noticias\/wp-json\/wp\/v2\/posts\/85909\/revisions"}],"predecessor-version":[{"id":85967,"href":"https:\/\/vinasfm.com\/noticias\/wp-json\/wp\/v2\/posts\/85909\/revisions\/85967"}],"wp:featuredmedia":[{"embeddable":true,"href":"https:\/\/vinasfm.com\/noticias\/wp-json\/wp\/v2\/media\/85966"}],"wp:attachment":[{"href":"https:\/\/vinasfm.com\/noticias\/wp-json\/wp\/v2\/media?parent=85909"}],"wp:term":[{"taxonomy":"category","embeddable":true,"href":"https:\/\/vinasfm.com\/noticias\/wp-json\/wp\/v2\/categories?post=85909"},{"taxonomy":"post_tag","embeddable":true,"href":"https:\/\/vinasfm.com\/noticias\/wp-json\/wp\/v2\/tags?post=85909"}],"curies":[{"name":"wp","href":"https:\/\/api.w.org\/{rel}","templated":true}]}}