{"id":85766,"date":"2021-03-08T20:00:04","date_gmt":"2021-03-08T23:00:04","guid":{"rendered":"http:\/\/vinasfm.com\/noticias\/?p=85766"},"modified":"2021-03-09T19:26:26","modified_gmt":"2021-03-09T22:26:26","slug":"pronostico-como-estara-el-tiempo-meteorologico-durante-la-semana","status":"publish","type":"post","link":"https:\/\/vinasfm.com\/noticias\/pronostico-como-estara-el-tiempo-meteorologico-durante-la-semana\/","title":{"rendered":"PRON\u00d3STICO: C\u00d3MO ESTAR\u00c1 EL TIEMPO METEOROL\u00d3GICO DURANTE LA SEMANA"},"content":{"rendered":"<div class=\"o9v6fnle cxmmr5t8 oygrvhab hcukyx3x c1et5uql ii04i59q\">\n<h4 dir=\"auto\"><span style=\"color: #000000;\"><strong>La llegada de un frente fr\u00edo del sur a la zona central del pa\u00eds, deja cielo con algo nubosidad y un leve descenso de la temperatura ya que detr\u00e1s de este frente se acent\u00faa una masa de aire m\u00e1s fresco.<\/strong><\/span><\/h4>\n<\/div>\n<div class=\"o9v6fnle cxmmr5t8 oygrvhab hcukyx3x c1et5uql ii04i59q\">\n<div dir=\"auto\"><span style=\"color: #000000;\"><strong>Martes:<\/strong> Cielo con escasa nubosidad y leve ascenso de la temperatura por influencia del aire del noreste. M\u00e1xima: 35\u00baC M\u00ednima: 19\u00baC<\/span><\/div>\n<\/div>\n<div class=\"o9v6fnle cxmmr5t8 oygrvhab hcukyx3x c1et5uql ii04i59q\">\n<div dir=\"auto\"><\/div>\n<div dir=\"auto\"><span style=\"color: #000000;\"><strong>Mi\u00e9rcoles:<\/strong> Se acent\u00faa la circulaci\u00f3n de aire del norte lo que provoca ascenso de temperatura y cielo con nubosidad. Probabilidad de tormentas en la tarde-noche.<\/span><\/div>\n<div dir=\"auto\"><span style=\"color: #000000;\">M\u00e1xima: 34\u00baC M\u00ednima: 20\u00baC<\/span><\/div>\n<\/div>\n<div class=\"o9v6fnle cxmmr5t8 oygrvhab hcukyx3x c1et5uql ii04i59q\">\n<div dir=\"auto\"><\/div>\n<div dir=\"auto\"><span style=\"color: #000000;\"><strong>Jueves:<\/strong> Ingreso de aire fr\u00edo del sur provoca descenso marcado de la temperatura y cielo con algo de nubosidad. M\u00e1xima: 27\u00baC M\u00ednima: 20\u00baC<\/span><\/div>\n<\/div>\n<div class=\"o9v6fnle cxmmr5t8 oygrvhab hcukyx3x c1et5uql ii04i59q\">\n<div dir=\"auto\"><\/div>\n<div dir=\"auto\"><span style=\"color: #000000;\"><strong>Viernes:<\/strong> Ingreso de aire m\u00e1s c\u00e1lido del norte provoca leve ascenso de temperatura y la probabilidad de formaci\u00f3n de tormentas en la tarde. M\u00e1xima: 29\u00baC M\u00ednima: 16\u00baC<\/span><\/div>\n<\/div>\n","protected":false},"excerpt":{"rendered":"<p>La llegada de un frente fr\u00edo del sur a la zona central del pa\u00eds, deja cielo con algo nubosidad y un &#8230;<\/p>\n","protected":false},"author":8,"featured_media":62455,"comment_status":"open","ping_status":"open","sticky":false,"template":"","format":"standard","meta":{"footnotes":""},"categories":[5,36],"tags":[],"class_list":["post-85766","post","type-post","status-publish","format-standard","has-post-thumbnail","hentry","category-actualidad","category-pronostico"],"_links":{"self":[{"href":"https:\/\/vinasfm.com\/noticias\/wp-json\/wp\/v2\/posts\/85766","targetHints":{"allow":["GET"]}}],"collection":[{"href":"https:\/\/vinasfm.com\/noticias\/wp-json\/wp\/v2\/posts"}],"about":[{"href":"https:\/\/vinasfm.com\/noticias\/wp-json\/wp\/v2\/types\/post"}],"author":[{"embeddable":true,"href":"https:\/\/vinasfm.com\/noticias\/wp-json\/wp\/v2\/users\/8"}],"replies":[{"embeddable":true,"href":"https:\/\/vinasfm.com\/noticias\/wp-json\/wp\/v2\/comments?post=85766"}],"version-history":[{"count":4,"href":"https:\/\/vinasfm.com\/noticias\/wp-json\/wp\/v2\/posts\/85766\/revisions"}],"predecessor-version":[{"id":85850,"href":"https:\/\/vinasfm.com\/noticias\/wp-json\/wp\/v2\/posts\/85766\/revisions\/85850"}],"wp:featuredmedia":[{"embeddable":true,"href":"https:\/\/vinasfm.com\/noticias\/wp-json\/wp\/v2\/media\/62455"}],"wp:attachment":[{"href":"https:\/\/vinasfm.com\/noticias\/wp-json\/wp\/v2\/media?parent=85766"}],"wp:term":[{"taxonomy":"category","embeddable":true,"href":"https:\/\/vinasfm.com\/noticias\/wp-json\/wp\/v2\/categories?post=85766"},{"taxonomy":"post_tag","embeddable":true,"href":"https:\/\/vinasfm.com\/noticias\/wp-json\/wp\/v2\/tags?post=85766"}],"curies":[{"name":"wp","href":"https:\/\/api.w.org\/{rel}","templated":true}]}}