{"id":85719,"date":"2021-03-05T21:33:15","date_gmt":"2021-03-06T00:33:15","guid":{"rendered":"http:\/\/vinasfm.com\/noticias\/?p=85719"},"modified":"2021-03-06T12:29:22","modified_gmt":"2021-03-06T15:29:22","slug":"05-03-confirmaron-4-nuevos-contagios-y-2-recuperados-en-alvear","status":"publish","type":"post","link":"https:\/\/vinasfm.com\/noticias\/05-03-confirmaron-4-nuevos-contagios-y-2-recuperados-en-alvear\/","title":{"rendered":"05\/03: CONFIRMARON 4 NUEVOS CONTAGIOS Y 2 RECUPERADOS EN ALVEAR"},"content":{"rendered":"<h4><span style=\"color: #000000;\"><strong>De acuerdo al informe suministrado por el Laboratorio Covid Regi\u00f3n Sur, en Alvear se registraron 4 casos positivo de Covid-19 en las \u00faltimas 24 horas, lapso en el que se confirm\u00f3 la recuperaci\u00f3n\u00a0de 2 pacientes.<\/strong><\/span><\/h4>\n<p><span style=\"color: #000000;\">Al momento, el total de casos acumulados en el Hospital\u00a0<em>Enfermeros Argentinos\u00a0<\/em>es de\u00a0<strong>2063 <\/strong><strong>(46 <\/strong><strong>casos\u00a0<\/strong><strong>activos, 1948 <\/strong><strong>casos recuperados, 69\u00a0<\/strong><strong>fallecimientos<\/strong>).<\/span><\/p>\n<h4 style=\"text-align: center;\"><span style=\"color: #000000;\"><strong>INFORME REGI\u00d3N SUR<\/strong><\/span><\/h4>\n<p><span style=\"color: #000000;\">Este\u00a0<strong>viernes<\/strong>, los tres departamentos del sur mendocino sumaron\u00a0<strong>25 nuevos<\/strong><strong>\u00a0casos de Covid-19.\u00a0<\/strong>Se procesaron\u00a0<strong>106 muestras de PCR: 81 <\/strong><strong>fueron negativas y 25 <\/strong><b>resultaron positivas.\u00a0<\/b><\/span><\/p>\n<ul>\n<li><span style=\"color: #000000;\"><strong>GENERAL ALVEAR: 4 casos positivos.<\/strong><\/span><\/li>\n<li><span style=\"color: #000000;\"><strong>SAN RAFAEL: 21 casos positivos.<\/strong><\/span><\/li>\n<li><span style=\"color: #000000;\"><strong>MALARG\u00dcE: 0.<\/strong><\/span><\/li>\n<\/ul>\n<p><span style=\"color: #000000;\"><strong>Con estas cifras, San Rafael, Malarg\u00fce y General Alvear cuentan con 9101 casos positivos confirmados de los cuales 7449 se han recuperado y 202 han perdido la vida por Covid-19.<\/strong><\/span><\/p>\n<h5><span style=\"color: #000000;\">\u2022F.B.<\/span><\/h5>\n","protected":false},"excerpt":{"rendered":"<p>De acuerdo al informe suministrado por el Laboratorio Covid Regi\u00f3n Sur, en Alvear se registraron 4 casos positivo de Covid-19 en &#8230;<\/p>\n","protected":false},"author":8,"featured_media":37001,"comment_status":"open","ping_status":"open","sticky":false,"template":"","format":"standard","meta":{"footnotes":""},"categories":[5,62],"tags":[],"class_list":["post-85719","post","type-post","status-publish","format-standard","has-post-thumbnail","hentry","category-actualidad","category-coronavirus"],"_links":{"self":[{"href":"https:\/\/vinasfm.com\/noticias\/wp-json\/wp\/v2\/posts\/85719","targetHints":{"allow":["GET"]}}],"collection":[{"href":"https:\/\/vinasfm.com\/noticias\/wp-json\/wp\/v2\/posts"}],"about":[{"href":"https:\/\/vinasfm.com\/noticias\/wp-json\/wp\/v2\/types\/post"}],"author":[{"embeddable":true,"href":"https:\/\/vinasfm.com\/noticias\/wp-json\/wp\/v2\/users\/8"}],"replies":[{"embeddable":true,"href":"https:\/\/vinasfm.com\/noticias\/wp-json\/wp\/v2\/comments?post=85719"}],"version-history":[{"count":2,"href":"https:\/\/vinasfm.com\/noticias\/wp-json\/wp\/v2\/posts\/85719\/revisions"}],"predecessor-version":[{"id":85722,"href":"https:\/\/vinasfm.com\/noticias\/wp-json\/wp\/v2\/posts\/85719\/revisions\/85722"}],"wp:featuredmedia":[{"embeddable":true,"href":"https:\/\/vinasfm.com\/noticias\/wp-json\/wp\/v2\/media\/37001"}],"wp:attachment":[{"href":"https:\/\/vinasfm.com\/noticias\/wp-json\/wp\/v2\/media?parent=85719"}],"wp:term":[{"taxonomy":"category","embeddable":true,"href":"https:\/\/vinasfm.com\/noticias\/wp-json\/wp\/v2\/categories?post=85719"},{"taxonomy":"post_tag","embeddable":true,"href":"https:\/\/vinasfm.com\/noticias\/wp-json\/wp\/v2\/tags?post=85719"}],"curies":[{"name":"wp","href":"https:\/\/api.w.org\/{rel}","templated":true}]}}