{"id":85707,"date":"2021-03-05T10:00:01","date_gmt":"2021-03-05T13:00:01","guid":{"rendered":"http:\/\/vinasfm.com\/noticias\/?p=85707"},"modified":"2021-03-09T07:52:17","modified_gmt":"2021-03-09T10:52:17","slug":"alvear-se-suma-al-dia-internacional-de-la-mujer-con-importantes-actividades","status":"publish","type":"post","link":"https:\/\/vinasfm.com\/noticias\/alvear-se-suma-al-dia-internacional-de-la-mujer-con-importantes-actividades\/","title":{"rendered":"ALVEAR SE SUMA AL D\u00cdA INTERNACIONAL DE LA MUJER CON IMPORTANTES ACTIVIDADES"},"content":{"rendered":"<h4><span style=\"color: #000000;\"><strong>Desde la Asesor\u00eda de la Mujer y Desarrollo de las Familias dieron detalles de las actividades que se realizar\u00e1n en el marco del D\u00eda Internacional de la Mujer.<\/strong><\/span><\/h4>\n<p><span style=\"color: #000000;\">\u201c<strong><em>En el marco del D\u00eda Internacional de la mujer, a las 11 hs vamos a inaugurar en el Distrito de Alvear Oeste un Paseo de Recreaci\u00f3n y Reflexi\u00f3n de los Derechos de las Mujeres en el Parque Pueblo Luna<\/em><\/strong>\u201d, detall\u00f3 <strong>Silvia Vega<\/strong>, <strong>Asesora de la Mujer.<\/strong><\/span><\/p>\n<p><span style=\"color: #000000;\">En profundidad la funcionaria subray\u00f3: \u201c<strong><em>El lunes 8 a las 20h en el Teatro Antonio Lafalla, con el Intendente Walther Marcolini, los funcionarios del ejecutivo y profesionales de la Secretar\u00eda de Desarrollo Humano daremos inicio al Ciclo de Capacitaci\u00f3n en Adhesi\u00f3n a la Ley Micaela<\/em><\/strong>\u201d.<\/span><\/p>\n<p><span style=\"color: #000000;\">Adem\u00e1s, durante la semana se realizar\u00e1n otras actividades bajo la misma tem\u00e1tica como la inauguraci\u00f3n de dos bancos Rojos en el Distrito de San Pedro del Atuel y Bowen en horario de la ma\u00f1ana. \u00ab<strong><em>Todos sabemos que esta fecha es un d\u00eda para reflexionar, para concientizar permanentemente trabajando con la sociedad y para ganar derechos<\/em><\/strong>\u201d, detall\u00f3\u00a0 Vega.<\/span><\/p>\n<h5><span style=\"color: #000000;\">\u2022F.B.<\/span><\/h5>\n","protected":false},"excerpt":{"rendered":"<p>Desde la Asesor\u00eda de la Mujer y Desarrollo de las Familias dieron detalles de las actividades que se realizar\u00e1n en el &#8230;<\/p>\n","protected":false},"author":8,"featured_media":85711,"comment_status":"open","ping_status":"open","sticky":false,"template":"","format":"standard","meta":{"footnotes":""},"categories":[5,10],"tags":[],"class_list":["post-85707","post","type-post","status-publish","format-standard","has-post-thumbnail","hentry","category-actualidad","category-destacadas"],"_links":{"self":[{"href":"https:\/\/vinasfm.com\/noticias\/wp-json\/wp\/v2\/posts\/85707","targetHints":{"allow":["GET"]}}],"collection":[{"href":"https:\/\/vinasfm.com\/noticias\/wp-json\/wp\/v2\/posts"}],"about":[{"href":"https:\/\/vinasfm.com\/noticias\/wp-json\/wp\/v2\/types\/post"}],"author":[{"embeddable":true,"href":"https:\/\/vinasfm.com\/noticias\/wp-json\/wp\/v2\/users\/8"}],"replies":[{"embeddable":true,"href":"https:\/\/vinasfm.com\/noticias\/wp-json\/wp\/v2\/comments?post=85707"}],"version-history":[{"count":1,"href":"https:\/\/vinasfm.com\/noticias\/wp-json\/wp\/v2\/posts\/85707\/revisions"}],"predecessor-version":[{"id":85712,"href":"https:\/\/vinasfm.com\/noticias\/wp-json\/wp\/v2\/posts\/85707\/revisions\/85712"}],"wp:featuredmedia":[{"embeddable":true,"href":"https:\/\/vinasfm.com\/noticias\/wp-json\/wp\/v2\/media\/85711"}],"wp:attachment":[{"href":"https:\/\/vinasfm.com\/noticias\/wp-json\/wp\/v2\/media?parent=85707"}],"wp:term":[{"taxonomy":"category","embeddable":true,"href":"https:\/\/vinasfm.com\/noticias\/wp-json\/wp\/v2\/categories?post=85707"},{"taxonomy":"post_tag","embeddable":true,"href":"https:\/\/vinasfm.com\/noticias\/wp-json\/wp\/v2\/tags?post=85707"}],"curies":[{"name":"wp","href":"https:\/\/api.w.org\/{rel}","templated":true}]}}