{"id":85697,"date":"2021-03-05T00:32:49","date_gmt":"2021-03-05T03:32:49","guid":{"rendered":"http:\/\/vinasfm.com\/noticias\/?p=85697"},"modified":"2021-03-08T08:00:29","modified_gmt":"2021-03-08T11:00:29","slug":"este-finde-alvear-disfrutara-de-la-2-exposicion-de-autos-y-motos-clasicos","status":"publish","type":"post","link":"https:\/\/vinasfm.com\/noticias\/este-finde-alvear-disfrutara-de-la-2-exposicion-de-autos-y-motos-clasicos\/","title":{"rendered":"ESTE FINDE, ALVEAR DISFRUTAR\u00c1 DE LA 2\u00b0 EXPOSICI\u00d3N DE AUTOS Y MOTOS CL\u00c1SICOS"},"content":{"rendered":"<h4><span style=\"color: #000000;\">Los amantes de los fierros podr\u00e1n disfrutar de<strong> la II Exposici\u00f3n de Autos y Motos Cl\u00e1sicos que se realizar\u00e1 entre el s\u00e1bado 6 y domingo 7 con una agenda que incluye a Ciudad y distritos. Habr\u00e1 cerca de 110 veh\u00edculos y motos antiguas provenientes de distintos puntos del pa\u00eds.<\/strong><\/span><\/h4>\n<p><span style=\"color: #000000;\">Gracias al trabajo conjunto entre el <strong>Club Alvearense de Veh\u00edculos Antiguos<\/strong> y el <strong>Municipio<\/strong>, Alvear albergar\u00e1 la segunda edici\u00f3n del evento (<a href=\"http:\/\/vinasfm.com\/noticias\/fue-un-exito-la-1-expo-de-vehiculos-clasicos-en-alvear\/\">la primera fue el 17\/08\/2019<\/a>) que convoca a expositores de toda la regi\u00f3n y otras provincias a compartir <span style=\"color: #000000;\">estas aut\u00e9nticas joyas de la industria automotriz que marcaron un hito en su \u00e9poca<\/span>. <\/span><\/p>\n<p><span style=\"color: #000000;\">&#8216;<\/span><strong style=\"color: #000000;\"><em>Felicito a este grupo activo que trabaja para hacer posible esta Exposici\u00f3n por ende invito a todos los alvearenses a sumarse a las actividades programadas<\/em><\/strong><span style=\"color: #000000;\">&#8216;, se\u00f1al\u00f3 a <\/span><strong style=\"color: #000000;\">F.M. Vi\u00f1as<\/strong> <strong style=\"color: #000000;\">N\u00e9stor Ortega<\/strong><span style=\"color: #000000;\">, de la Direcci\u00f3n de Turismo.<\/span><\/p>\n<p><span style=\"color: #000000;\"><strong>Alejandro Grez<\/strong>, de la Organizaci\u00f3n, se\u00f1al\u00f3 que contar\u00e1n con la participaci\u00f3n de expositores de C\u00f3rdoba, San Luis y de Mendoza con<strong> veh\u00edculos y motocicletas de la d\u00e9cada del 30&#8242;, 40&#8242;, 50&#8242;<\/strong>: &#8216;<strong><em>Tendremos un alto nivel en cuanto a la presentaci\u00f3n por ende i<\/em><em><strong>nvitamos a todos a participar de este evento que refleja el trabajo de personas que se dedican a esta actividad<\/strong>&#8216;, <\/em><\/strong>explic\u00f3.<\/span><\/p>\n<p><span style=\"color: #000000;\">El cronograma indica el inicio a las\u00a0<strong>10:00h <\/strong>con la\u00a0<strong>recepci\u00f3n de los participantes\u00a0<\/strong>en Multiespacio Bodega Fara\u00f3n. La programaci\u00f3n contin\u00faa a las <strong>19:00h<\/strong>\u00a0con una\u00a0<strong>muestra est\u00e1tica en el Km 0 de Ciudad. <\/strong>El domingo se retoma la programaci\u00f3n a las <strong>08:00h<\/strong> con una <strong>exposici\u00f3n en la Plaza Departamental\u00a0<\/strong>hasta las <strong>09:00h<\/strong> donde en caravana <strong>recorrer\u00e1n las calles de Alvear Oeste<\/strong> y como parte final <strong>se dirigir\u00e1n a la Plaza de Bowen.<\/strong><\/span><\/p>\n<h5><span style=\"color: #000000;\"><em>\u2022F.B. (F.M. Vi\u00f1as).<\/em><\/span><\/h5>\n","protected":false},"excerpt":{"rendered":"<p>Los amantes de los fierros podr\u00e1n disfrutar de la II Exposici\u00f3n de Autos y Motos Cl\u00e1sicos que se realizar\u00e1 entre el &#8230;<\/p>\n","protected":false},"author":8,"featured_media":85698,"comment_status":"open","ping_status":"open","sticky":false,"template":"","format":"standard","meta":{"footnotes":""},"categories":[5,10],"tags":[],"class_list":["post-85697","post","type-post","status-publish","format-standard","has-post-thumbnail","hentry","category-actualidad","category-destacadas"],"_links":{"self":[{"href":"https:\/\/vinasfm.com\/noticias\/wp-json\/wp\/v2\/posts\/85697","targetHints":{"allow":["GET"]}}],"collection":[{"href":"https:\/\/vinasfm.com\/noticias\/wp-json\/wp\/v2\/posts"}],"about":[{"href":"https:\/\/vinasfm.com\/noticias\/wp-json\/wp\/v2\/types\/post"}],"author":[{"embeddable":true,"href":"https:\/\/vinasfm.com\/noticias\/wp-json\/wp\/v2\/users\/8"}],"replies":[{"embeddable":true,"href":"https:\/\/vinasfm.com\/noticias\/wp-json\/wp\/v2\/comments?post=85697"}],"version-history":[{"count":4,"href":"https:\/\/vinasfm.com\/noticias\/wp-json\/wp\/v2\/posts\/85697\/revisions"}],"predecessor-version":[{"id":85704,"href":"https:\/\/vinasfm.com\/noticias\/wp-json\/wp\/v2\/posts\/85697\/revisions\/85704"}],"wp:featuredmedia":[{"embeddable":true,"href":"https:\/\/vinasfm.com\/noticias\/wp-json\/wp\/v2\/media\/85698"}],"wp:attachment":[{"href":"https:\/\/vinasfm.com\/noticias\/wp-json\/wp\/v2\/media?parent=85697"}],"wp:term":[{"taxonomy":"category","embeddable":true,"href":"https:\/\/vinasfm.com\/noticias\/wp-json\/wp\/v2\/categories?post=85697"},{"taxonomy":"post_tag","embeddable":true,"href":"https:\/\/vinasfm.com\/noticias\/wp-json\/wp\/v2\/tags?post=85697"}],"curies":[{"name":"wp","href":"https:\/\/api.w.org\/{rel}","templated":true}]}}