{"id":85650,"date":"2021-03-05T09:57:35","date_gmt":"2021-03-05T12:57:35","guid":{"rendered":"http:\/\/vinasfm.com\/noticias\/?p=85650"},"modified":"2021-03-06T12:40:20","modified_gmt":"2021-03-06T15:40:20","slug":"leo-vinolo-justifico-la-presencia-de-sus-familiares-en-la-lista-de-vacunados-contra-el-coronavirus","status":"publish","type":"post","link":"https:\/\/vinasfm.com\/noticias\/leo-vinolo-justifico-la-presencia-de-sus-familiares-en-la-lista-de-vacunados-contra-el-coronavirus\/","title":{"rendered":"LEO VI\u00d1OLO JUSTIFIC\u00d3 LA PRESENCIA DE SUS FAMILIARES EN LA LISTA DE VACUNADOS CONTRA EL CORONAVIRUS"},"content":{"rendered":"<h4><span style=\"color: #000000;\"><strong>El Senador provincial por la Uni\u00f3n C\u00edvica Radical dio explicaciones por la trascendencia que tuvo la aparici\u00f3n de nombres de algunos miembros de su familia en la lista de vacunados contra el coronavirus. El legislador argument\u00f3 que se relaciona directamente con la vida profesional de la mayor\u00eda, dedicados a la odontolog\u00eda.<\/strong><\/span><\/h4>\n<p><span style=\"color: #000000;\"><strong>Leonardo Vi\u00f1olo<\/strong> fue noticia en el \u00e1mbito provincial ya que al trascender la lista de personas que recibieron la vacuna Sputnik V, por sospecha de que haya &#8216;vacunados VIP&#8217; como sucedi\u00f3 a nivel nacional, fue advertida la presencia de varios familiares suyos vacunados. Ante esta situaci\u00f3n, el alvearense fue consultado por medios provinciales y asegur\u00f3: <strong><em>\u00abYo no he sido vacunado pero tengo que responder por mis familiares directos\u00bb.<\/em><\/strong><\/span><\/p>\n<p><span style=\"color: #000000;\">Por esa raz\u00f3n, Vi\u00f1olo explic\u00f3: <strong><em>\u00abEn mi grupo familiar tenemos una vida dedicada a la odontolog\u00eda. Somos 5 hermanos, de los cu\u00e1les 4 son odont\u00f3logos\u00bb.\u00a0<\/em><\/strong>Debido a esto, afirm\u00f3 que el motivo de que hayan sido vacunados es el trabajo en las dos cl\u00ednicas familiares. Adem\u00e1s, en el caso puntual de su madre, cont\u00f3 que trabaj\u00f3 en la cl\u00ednica durante cuatro meses como secretaria, ya que una las que ejerc\u00eda esa funci\u00f3n abandon\u00f3 el trabajo.<\/span><\/p>\n<p><span style=\"color: #000000;\">Por otro lado, el representante de la UCR, se refiri\u00f3 a otros de los nombres que fueron advertidos en la lista, como su primo, Alfio Vi\u00f1olo, quien es su primo y manifest\u00f3: <strong><em>\u00abSu mujer es m\u00e9dica, y capaz que ha sido ese el enlace, no puedo asegurarlo\u00bb. <\/em><\/strong>En cuanto a Gabriela Gawron, quien es la esposa de su hermano, expres\u00f3 que trabaja en el Policl\u00ednico Atuel y es secretaria en una cl\u00ednica familiar.<\/span><\/p>\n<p><span style=\"color: #000000;\">Pese a esta situaci\u00f3n de sospecha que se gener\u00f3 en torno al Senador radical, \u00e9l mismo reiter\u00f3:\u00a0<em><strong>\u00abEst\u00e1 muy bien que se analice cada una de las listas\u00bb<\/strong><\/em> y aclar\u00f3: <strong><em>\u00abComo miembro del Senado, exigimos que se hiciera el an\u00e1lisis correspondiente, as\u00ed como lo exigimos a nivel nacional, que se haga tambi\u00e9n a nivel provincial\u00bb.<\/em><\/strong><\/span><\/p>\n","protected":false},"excerpt":{"rendered":"<p>El Senador provincial por la Uni\u00f3n C\u00edvica Radical dio explicaciones por la trascendencia que tuvo la aparici\u00f3n de nombres de algunos &#8230;<\/p>\n","protected":false},"author":7,"featured_media":85658,"comment_status":"open","ping_status":"open","sticky":false,"template":"","format":"standard","meta":{"footnotes":""},"categories":[5,73],"tags":[],"class_list":["post-85650","post","type-post","status-publish","format-standard","has-post-thumbnail","hentry","category-actualidad","category-polemica"],"_links":{"self":[{"href":"https:\/\/vinasfm.com\/noticias\/wp-json\/wp\/v2\/posts\/85650","targetHints":{"allow":["GET"]}}],"collection":[{"href":"https:\/\/vinasfm.com\/noticias\/wp-json\/wp\/v2\/posts"}],"about":[{"href":"https:\/\/vinasfm.com\/noticias\/wp-json\/wp\/v2\/types\/post"}],"author":[{"embeddable":true,"href":"https:\/\/vinasfm.com\/noticias\/wp-json\/wp\/v2\/users\/7"}],"replies":[{"embeddable":true,"href":"https:\/\/vinasfm.com\/noticias\/wp-json\/wp\/v2\/comments?post=85650"}],"version-history":[{"count":5,"href":"https:\/\/vinasfm.com\/noticias\/wp-json\/wp\/v2\/posts\/85650\/revisions"}],"predecessor-version":[{"id":85662,"href":"https:\/\/vinasfm.com\/noticias\/wp-json\/wp\/v2\/posts\/85650\/revisions\/85662"}],"wp:featuredmedia":[{"embeddable":true,"href":"https:\/\/vinasfm.com\/noticias\/wp-json\/wp\/v2\/media\/85658"}],"wp:attachment":[{"href":"https:\/\/vinasfm.com\/noticias\/wp-json\/wp\/v2\/media?parent=85650"}],"wp:term":[{"taxonomy":"category","embeddable":true,"href":"https:\/\/vinasfm.com\/noticias\/wp-json\/wp\/v2\/categories?post=85650"},{"taxonomy":"post_tag","embeddable":true,"href":"https:\/\/vinasfm.com\/noticias\/wp-json\/wp\/v2\/tags?post=85650"}],"curies":[{"name":"wp","href":"https:\/\/api.w.org\/{rel}","templated":true}]}}