{"id":85642,"date":"2021-03-04T21:30:02","date_gmt":"2021-03-05T00:30:02","guid":{"rendered":"http:\/\/vinasfm.com\/noticias\/?p=85642"},"modified":"2021-03-08T07:52:24","modified_gmt":"2021-03-08T10:52:24","slug":"detuvieron-a-una-familia-sanrafaelina-por-amenazar-con-un-arma-de-fuego-a-un-vecino-de-bowen","status":"publish","type":"post","link":"https:\/\/vinasfm.com\/noticias\/detuvieron-a-una-familia-sanrafaelina-por-amenazar-con-un-arma-de-fuego-a-un-vecino-de-bowen\/","title":{"rendered":"DETUVIERON A UNA FAMILIA SANRAFAELINA POR AMENAZAR CON UN ARMA DE FUEGO A UN VECINO DE BOWEN"},"content":{"rendered":"<h4><span style=\"color: #000000;\"><strong>En horas de la tarde de este jueves dos hombres y una mujer, todos oriundos de San Rafael, fueron detenidos tras amenazar con un arma de fuego a un vecino de Bowen producto de la compra-venta de un veh\u00edculo realizada d\u00edas atr\u00e1s.<\/strong><\/span><\/h4>\n<p><span style=\"color: #000000;\">El hecho fue detonado luego de que el bowense ejecutara la venta de un veh\u00edculo con una familia sanrafaelina, que a cambio le entreg\u00f3 una camioneta y otros elementos de valor. <strong>No conformes con el estado de rodado, los compradores acudieron a reclamar la camioneta entregada<\/strong>.<\/span><\/p>\n<p><span style=\"color: #000000;\">El <strong>Subcomisario Williams Rubio<\/strong> en di\u00e1logo con <strong>F.M. VI\u00d1AS<\/strong> explic\u00f3: &#8216;<strong><em>La acalorada discusi\u00f3n termin\u00f3 en que uno de los tres aprehendidos esgrimiendo una carabina 22 larga con mira telesc\u00f3pica amenaz\u00f3 al vecino del distrito del Este para lograr su cometido. Acto seguido, se retiraron de la vivienda mientras el damnificado concurri\u00f3 a Comisaria 46\u00b0 a radicar la denuncia&#8217;<\/em><\/strong>.\u00a0\u00a0<\/span><\/p>\n<p><span style=\"color: #000000;\">Por orden de la <\/span><strong style=\"color: #000000;\">Ayudante Fiscal Dra. Silvia Ag\u00fcero<\/strong><span style=\"color: #000000;\">, <\/span><b style=\"color: #000000;\">patrullas de Cuerpos Especiales lograron interceptar r\u00e1pidamente en Av. Sarmiento al <\/b><span style=\"color: #000000;\"><span style=\"color: #000000;\"><b>autom\u00f3vil<\/b><\/span><\/span><b style=\"color: #000000;\"> en el que se movilizaban los atacantes<\/b><span style=\"color: #000000;\"> y tras verificar el interior <\/span><strong style=\"color: #000000;\">se logr\u00f3 secuestrar el arma de fuego<\/strong><span style=\"color: #000000;\">. Asimismo, <\/span><strong style=\"color: #000000;\">los tres fueron trasladados a la seccional policial de Bowen<\/strong><span style=\"color: #000000;\"> junto con un menor que los acompa\u00f1aba, puesto a disposici\u00f3n del ETI.\u00a0\u00a0<\/span><\/p>\n<p><span style=\"color: #000000;\">Se labraron actuaciones en\u00a0 &#8216;<strong><em>averiguaci\u00f3n amenazas y tenencia ilegal de arma de fuego<\/em><\/strong>&#8216;, causa por la que los detenidos, que cuentan con antecedentes policiales, se encuentran a disposici\u00f3n de la Justicia.<\/span><\/p>\n<h5><span style=\"color: #000000;\">\u2022F.B. (F.M. Vi\u00f1as).<\/span><\/h5>\n","protected":false},"excerpt":{"rendered":"<p>En horas de la tarde de este jueves dos hombres y una mujer, todos oriundos de San Rafael, fueron detenidos tras &#8230;<\/p>\n","protected":false},"author":8,"featured_media":50756,"comment_status":"open","ping_status":"open","sticky":false,"template":"","format":"standard","meta":{"footnotes":""},"categories":[5,4],"tags":[],"class_list":["post-85642","post","type-post","status-publish","format-standard","has-post-thumbnail","hentry","category-actualidad","category-policiales"],"_links":{"self":[{"href":"https:\/\/vinasfm.com\/noticias\/wp-json\/wp\/v2\/posts\/85642","targetHints":{"allow":["GET"]}}],"collection":[{"href":"https:\/\/vinasfm.com\/noticias\/wp-json\/wp\/v2\/posts"}],"about":[{"href":"https:\/\/vinasfm.com\/noticias\/wp-json\/wp\/v2\/types\/post"}],"author":[{"embeddable":true,"href":"https:\/\/vinasfm.com\/noticias\/wp-json\/wp\/v2\/users\/8"}],"replies":[{"embeddable":true,"href":"https:\/\/vinasfm.com\/noticias\/wp-json\/wp\/v2\/comments?post=85642"}],"version-history":[{"count":5,"href":"https:\/\/vinasfm.com\/noticias\/wp-json\/wp\/v2\/posts\/85642\/revisions"}],"predecessor-version":[{"id":85647,"href":"https:\/\/vinasfm.com\/noticias\/wp-json\/wp\/v2\/posts\/85642\/revisions\/85647"}],"wp:featuredmedia":[{"embeddable":true,"href":"https:\/\/vinasfm.com\/noticias\/wp-json\/wp\/v2\/media\/50756"}],"wp:attachment":[{"href":"https:\/\/vinasfm.com\/noticias\/wp-json\/wp\/v2\/media?parent=85642"}],"wp:term":[{"taxonomy":"category","embeddable":true,"href":"https:\/\/vinasfm.com\/noticias\/wp-json\/wp\/v2\/categories?post=85642"},{"taxonomy":"post_tag","embeddable":true,"href":"https:\/\/vinasfm.com\/noticias\/wp-json\/wp\/v2\/tags?post=85642"}],"curies":[{"name":"wp","href":"https:\/\/api.w.org\/{rel}","templated":true}]}}