{"id":85618,"date":"2021-03-04T11:57:27","date_gmt":"2021-03-04T14:57:27","guid":{"rendered":"http:\/\/vinasfm.com\/noticias\/?p=85618"},"modified":"2021-03-05T10:23:31","modified_gmt":"2021-03-05T13:23:31","slug":"trasladaron-a-la-penitenciaria-de-san-rafael-a-los-imputados-por-el-crimen-de-viviana-villegas","status":"publish","type":"post","link":"https:\/\/vinasfm.com\/noticias\/trasladaron-a-la-penitenciaria-de-san-rafael-a-los-imputados-por-el-crimen-de-viviana-villegas\/","title":{"rendered":"TRASLADARON A LA PENITENCIAR\u00cdA DE SAN RAFAEL A LOS IMPUTADOS POR EL CRIMEN DE VIVIANA VILLEGAS"},"content":{"rendered":"<h4 class=\"note__epigraph\"><span style=\"color: #000000;\"><strong>Cuatro hombres de entre 20 y 25 a\u00f1os y un menor de 17, fueron acusados por homicidio criminis causa, por el asesinato de Viviana Villegas, ocurrido el domingo. Con esa calificaci\u00f3n, los cuatro mayores se arriesgan a recibir cadena perpetua, mientras que el adolescente tambi\u00e9n tendr\u00eda un duro castigo.<\/strong><\/span><\/h4>\n<div id=\"note-content\" class=\"note__content\">\n<p><span style=\"color: #000000;\">La fiscal Ivana Verd\u00fan imput\u00f3 la noche del martes a cinco de los nueve aprehendidos por el crimen, en un asalto, de Viviana Lidia Villegas. La quiosquera de 49 a\u00f1os que fue ultimada a golpes y cuchillazos el domingo en General Alvear. Se trata de\u00a0<strong>Juan<em>\u00a0Corcho<\/em>\u00a0Romero, Mart\u00edn Parra, Brian Echeverr\u00eda, Juan\u00a0<em>Carula<\/em>\u00a0Rodr\u00edguez<\/strong>\u00a0\u2013tienen entre 20 y 25 a\u00f1os\u2013 y un menor de 17 a\u00f1os. Estos dos \u00faltimos est\u00e1n sindicados como los autores de las lesiones que provocaron la muerte de la mujer.\u00a0<\/span><\/p>\n<p><span style=\"color: #000000;\">M\u00e1s all\u00e1 de eso, la representante del Ministerio P\u00fablico los acus\u00f3 a todos por el delito de\u00a0<strong>homicidio criminis causa<\/strong> en calidad de coautores. Esto se debe a que los sospechosos viv\u00edan cerca de la casa de Villegas y hasta algunos eran habitu\u00e9s clientes de su negocio, por lo que la hip\u00f3tesis principal sostiene que la mujer<strong>\u00a0los reconoci\u00f3 y la mataron para lograr la impunidad en el robo<\/strong>.<\/span><\/p>\n<p><span style=\"color: #000000;\">Lo cierto es que, con esa calificaci\u00f3n, los cuatro mayores<strong>\u00a0arriesgan la prisi\u00f3n perpetua como \u00fanica pena<\/strong>. Con respecto al adolescente, podr\u00eda enfrentar un duro castigo en caso de que sea hallado culpable y se le imponga la responsabilidad penal. Los detenidos pasaron la noche en la Comisar\u00eda 14\u00aa y este mi\u00e9rcoles ordenaron su traslado a la c\u00e1rcel.\u00a0En tanto, los otros cuatro j\u00f3venes que hab\u00edan sido aprehendidos,\u00a0<strong>recuperaron la libertad<\/strong>\u00a0ya que no tuvieron participaci\u00f3n en el hecho de sangre.\u00a0<\/span><\/p>\n<h4><span style=\"color: #000000;\"><strong>Pistas del crimen<\/strong><\/span><\/h4>\n<p><span style=\"color: #000000;\">El grupo de amigos qued\u00f3 comprometido en el expediente a trav\u00e9s de una serie de\u00a0<strong>pisadas de zapatillas<\/strong> que iban de la casa de la v\u00edctima, hasta un loteo que se estableci\u00f3 hace unos cinco a\u00f1os en uno terrenos fiscales, al costado de las v\u00edas de calle L. Con un perro del Cuerpo de Canes, los detectives lograron seguir las huellas de los autores y llegaron hasta dos viviendas, que fueron marcadas por el animal.<\/span><\/p>\n<p><span style=\"color: #000000;\">A trav\u00e9s de un testigo, tomaron conocimiento de que en ese lugar varios se\u00f1alados malvivientes de la zona hab\u00edan pasado la noche:\u00a0<strong>pusieron m\u00fasica a todo volumen, comieron un lech\u00f3n asado y tomaron bebidas alcoh\u00f3licas<\/strong>, sostiene la informaci\u00f3n. A partir de all\u00ed, identificaron a los part\u00edcipes de esa celebraci\u00f3n, los cuales luego fueron vistos vendiendo cervezas en la zona. Justamente, <strong>esas bebidas faltaban en el quiosco de la v\u00edctima<\/strong>.<\/span><\/p>\n<p><span style=\"color: #000000;\">Dos viviendas fueron allanadas en ese loteo, donde fue detenido el menor y se hall\u00f3\u00a0<strong>el celular Samsung de Villegas, ropa y zapatillas con sangre y un arma blanca<\/strong>. Las medidas realizadas por el personal de la Departamental de Alvear, acompa\u00f1ados por la fiscal Verd\u00fan y los ayudantes fiscales Germ\u00e1n Pablo Carrizo y\u00a0Germ\u00e1n Jarmolczuk, continuaron hasta altas horas de ese domingo.\u00a0Mientras que tambi\u00e9n se desarrollaron otras medidas en Alvear Oeste, a unos 4 kil\u00f3metros de la escena, donde fueron detenidos otros sospechosos.<\/span><\/p>\n<p><span style=\"color: #000000;\">\u2022<strong> Fuente: Diario El Sol.<\/strong><\/span><\/p>\n<\/div>\n","protected":false},"excerpt":{"rendered":"<p>Cuatro hombres de entre 20 y 25 a\u00f1os y un menor de 17, fueron acusados por homicidio criminis causa, por el &#8230;<\/p>\n","protected":false},"author":7,"featured_media":85619,"comment_status":"open","ping_status":"open","sticky":false,"template":"","format":"standard","meta":{"footnotes":""},"categories":[5,4],"tags":[],"class_list":["post-85618","post","type-post","status-publish","format-standard","has-post-thumbnail","hentry","category-actualidad","category-policiales"],"_links":{"self":[{"href":"https:\/\/vinasfm.com\/noticias\/wp-json\/wp\/v2\/posts\/85618","targetHints":{"allow":["GET"]}}],"collection":[{"href":"https:\/\/vinasfm.com\/noticias\/wp-json\/wp\/v2\/posts"}],"about":[{"href":"https:\/\/vinasfm.com\/noticias\/wp-json\/wp\/v2\/types\/post"}],"author":[{"embeddable":true,"href":"https:\/\/vinasfm.com\/noticias\/wp-json\/wp\/v2\/users\/7"}],"replies":[{"embeddable":true,"href":"https:\/\/vinasfm.com\/noticias\/wp-json\/wp\/v2\/comments?post=85618"}],"version-history":[{"count":2,"href":"https:\/\/vinasfm.com\/noticias\/wp-json\/wp\/v2\/posts\/85618\/revisions"}],"predecessor-version":[{"id":85623,"href":"https:\/\/vinasfm.com\/noticias\/wp-json\/wp\/v2\/posts\/85618\/revisions\/85623"}],"wp:featuredmedia":[{"embeddable":true,"href":"https:\/\/vinasfm.com\/noticias\/wp-json\/wp\/v2\/media\/85619"}],"wp:attachment":[{"href":"https:\/\/vinasfm.com\/noticias\/wp-json\/wp\/v2\/media?parent=85618"}],"wp:term":[{"taxonomy":"category","embeddable":true,"href":"https:\/\/vinasfm.com\/noticias\/wp-json\/wp\/v2\/categories?post=85618"},{"taxonomy":"post_tag","embeddable":true,"href":"https:\/\/vinasfm.com\/noticias\/wp-json\/wp\/v2\/tags?post=85618"}],"curies":[{"name":"wp","href":"https:\/\/api.w.org\/{rel}","templated":true}]}}