{"id":85601,"date":"2021-03-04T22:33:00","date_gmt":"2021-03-05T01:33:00","guid":{"rendered":"http:\/\/vinasfm.com\/noticias\/?p=85601"},"modified":"2021-03-05T20:54:51","modified_gmt":"2021-03-05T23:54:51","slug":"juan-jose-castro-aseguro-que-no-hay-irregularidades-en-el-programa-de-vacunacion-local","status":"publish","type":"post","link":"https:\/\/vinasfm.com\/noticias\/juan-jose-castro-aseguro-que-no-hay-irregularidades-en-el-programa-de-vacunacion-local\/","title":{"rendered":"JUAN JOS\u00c9 CASTRO ASEGUR\u00d3 QUE NO HAY IRREGULARIDADES EN EL PROGRAMA DE VACUNACI\u00d3N LOCAL"},"content":{"rendered":"<h4><span style=\"color: #000000;\"><strong>El Coordinador del \u00c1rea Departamental de Salud habl\u00f3 sobre la sospecha con respecto a los vacunados contra el Covid-19 en Alvear y neg\u00f3 rotundamente que haya una lista VIP. Adem\u00e1s, dijo que no le interesa ver la lista porque saber que \u00e9l hizo las cosas bien. Tambi\u00e9n habl\u00f3 de la segunda etapa de vacunaci\u00f3n en el departamento y explic\u00f3 el procedimiento para su aplicaci\u00f3n en adultos mayores.<\/strong><\/span><\/h4>\n<p><span style=\"color: #000000;\">En di\u00e1logo con <strong>FM VI\u00d1AS, Juan Jos\u00e9 Castro<\/strong> habl\u00f3 sobre la campa\u00f1a de vacunaci\u00f3n y afirm\u00f3 que no hay irregularidades en la campa\u00f1a de vacunaci\u00f3n. Adem\u00e1s de esta aclaraci\u00f3n, el funcionario se refiri\u00f3 al procedimiento que se est\u00e1 llevando a cabo para la aplicaci\u00f3n de la segunda etapa de aplicaci\u00f3n.<\/span><\/p>\n<p><span style=\"color: #000000;\"><strong>&#8211; Ha comenzado la vacunaci\u00f3n a mayores de 70 a\u00f1os, \u00bfC\u00f3mo est\u00e1 el vacunatorio y c\u00f3mo ha respondido la gente?<\/strong><\/span><\/p>\n<p><span style=\"color: #000000;\">&#8211; Esta ser\u00eda la segunda etapa programada. Los adultos mayores ten\u00edan que sacar el turno a una p\u00e1gina de Mendoza y les va a llegando el turno por tel\u00e9fono o correo. A nosotros nos llega simplemente una lista con nombre, apellido, documento, sexo y nada m\u00e1s. Tenemos que respeta esa lista con 50 personas por d\u00eda y la gente sabe a qu\u00e9 hora tiene que ir. Est\u00e1 bien dise\u00f1ado, con turnos cada 15 minutos para que no haya aglomeraciones y los turnos empiezan desde las 8.<\/span><\/p>\n<p><span style=\"color: #000000;\"><strong>&#8211;<\/strong> <strong>\u00bfCu\u00e1ntas personas han recibido la vacuna?<\/strong><\/span><\/p>\n<p><span style=\"color: #000000;\">&#8211; Si hubiera venido todos desde el lunes, a hoy jueves ser\u00edan 200 personas. Pero hubo un grupo peque\u00f1o, de 10 el primer d\u00eda, de 5 el segundo, que no fueron. Por eso les pido a la prensa para que esa gente sepa que el lugar est\u00e1. Est\u00e1n en la lista y la lista existe, entonces tienen que concurrir al vacunatorio, donde a lo sumo los har\u00e1n esperar, pero van a ser vacunados.<\/span><\/p>\n<p><span style=\"color: #000000;\"><strong>&#8211; \u00bfHay otra opci\u00f3n de informar, como por llamada telef\u00f3nica? Porque hay gente mayor que por ah\u00ed no saben leer un SMS.<\/strong><\/span><\/p>\n<p><span style=\"color: #000000;\">&#8211; Y supuestamente quien le sac\u00f3 el turno, lo sac\u00f3 con su tel\u00e9fono para que le llegue. Pero igual habr\u00eda que rastrear durante el fin de semana a todos aquellos que no vinieron, para llamarlos y hacerlos venir la semana que viene.<\/span><\/p>\n<p><span style=\"color: #000000;\"><strong>&#8211; \u00bfQu\u00e9 informaci\u00f3n tienen ustedes de la primera parte de la vacunaci\u00f3n en donde se habl\u00f3 de gente que salt\u00f3 la fila o los llamaron porque ten\u00edan amigos?<\/strong><\/span><\/p>\n<p><span style=\"color: #000000;\">&#8211; Muchos dicen tener un amigo que ha sido vacunado y yo les digo que pregunten c\u00f3mo hicieron, qui\u00e9n los llev\u00f3, c\u00f3mo lo lograron. Porque en Alvear no hubo &#8216;Vacunatorio VIP&#8217; y ac\u00e1 conocemos a todos los dicen haber sido vacunados. Yo ni he mirado la lista, ni me interesa porque se c\u00f3mo se ha trabajado y no he designado a nadie. Entonces simplemente digo que si quieren sacarse la duda, vean con nombre y apellido, y consulte con esa persona.<\/span><\/p>\n<p><span style=\"color: #000000;\"><strong>&#8211; \u00bfUstedes van a entregar la lista local?<\/strong><\/span><\/p>\n<p><span style=\"color: #000000;\">&#8211; Ya fue entregada.<\/span><\/p>\n<p><span style=\"color: #000000;\"><strong>&#8211; \u00bfLa local?<\/strong><\/span><\/p>\n<p><span style=\"color: #000000;\">&#8211; Es que eso expliqu\u00e9 cuando se me pide la lista. Nosotros vamos cargando en un sistema inmediatamente. Por eso cuando me mandaron la nota del PJ, autom\u00e1ticamente la elev\u00e9 a la Ministra de Salud para que ella decida qu\u00e9 va a hacer con esa lista, que est\u00e1 en Mendoza.<\/span><\/p>\n<h5><span style=\"color: #000000;\">\u2022<strong>L.A.<\/strong><\/span><\/h5>\n","protected":false},"excerpt":{"rendered":"<p>El Coordinador del \u00c1rea Departamental de Salud habl\u00f3 sobre la sospecha con respecto a los vacunados contra el Covid-19 en Alvear &#8230;<\/p>\n","protected":false},"author":7,"featured_media":83300,"comment_status":"open","ping_status":"open","sticky":false,"template":"","format":"standard","meta":{"footnotes":""},"categories":[5,15],"tags":[],"class_list":["post-85601","post","type-post","status-publish","format-standard","has-post-thumbnail","hentry","category-actualidad","category-salud"],"_links":{"self":[{"href":"https:\/\/vinasfm.com\/noticias\/wp-json\/wp\/v2\/posts\/85601","targetHints":{"allow":["GET"]}}],"collection":[{"href":"https:\/\/vinasfm.com\/noticias\/wp-json\/wp\/v2\/posts"}],"about":[{"href":"https:\/\/vinasfm.com\/noticias\/wp-json\/wp\/v2\/types\/post"}],"author":[{"embeddable":true,"href":"https:\/\/vinasfm.com\/noticias\/wp-json\/wp\/v2\/users\/7"}],"replies":[{"embeddable":true,"href":"https:\/\/vinasfm.com\/noticias\/wp-json\/wp\/v2\/comments?post=85601"}],"version-history":[{"count":5,"href":"https:\/\/vinasfm.com\/noticias\/wp-json\/wp\/v2\/posts\/85601\/revisions"}],"predecessor-version":[{"id":85620,"href":"https:\/\/vinasfm.com\/noticias\/wp-json\/wp\/v2\/posts\/85601\/revisions\/85620"}],"wp:featuredmedia":[{"embeddable":true,"href":"https:\/\/vinasfm.com\/noticias\/wp-json\/wp\/v2\/media\/83300"}],"wp:attachment":[{"href":"https:\/\/vinasfm.com\/noticias\/wp-json\/wp\/v2\/media?parent=85601"}],"wp:term":[{"taxonomy":"category","embeddable":true,"href":"https:\/\/vinasfm.com\/noticias\/wp-json\/wp\/v2\/categories?post=85601"},{"taxonomy":"post_tag","embeddable":true,"href":"https:\/\/vinasfm.com\/noticias\/wp-json\/wp\/v2\/tags?post=85601"}],"curies":[{"name":"wp","href":"https:\/\/api.w.org\/{rel}","templated":true}]}}