{"id":85589,"date":"2021-03-03T00:05:43","date_gmt":"2021-03-03T03:05:43","guid":{"rendered":"http:\/\/vinasfm.com\/noticias\/?p=85589"},"modified":"2021-03-04T21:41:42","modified_gmt":"2021-03-05T00:41:42","slug":"covid-19-en-alvear-confirmaron-4-nuevos-contagios-4-recuperados-y-el-fallecimeinto-de-un-hombre-de-85-anos","status":"publish","type":"post","link":"https:\/\/vinasfm.com\/noticias\/covid-19-en-alvear-confirmaron-4-nuevos-contagios-4-recuperados-y-el-fallecimeinto-de-un-hombre-de-85-anos\/","title":{"rendered":"COVID-19 EN ALVEAR: CONFIRMARON 4 NUEVOS CONTAGIOS, 4 RECUPERADOS Y EL FALLECIMIENTO DE UN HOMBRE DE 85 A\u00d1OS"},"content":{"rendered":"<h4><span style=\"color: #000000;\"><strong>De acuerdo al informe suministrado por el Laboratorio Covid Regi\u00f3n Sur, en Alvear se registraron 4 casos positivo de Covid-19 en las \u00faltimas 24 horas, lapso en el que se confirm\u00f3 la recuperaci\u00f3n de 4 pacientes y el fallecimiento\u00a0de un hombre de 85 a\u00f1os.<\/strong><\/span><\/h4>\n<p><span style=\"color: #000000;\">Al momento, el total de casos acumulados en el Hospital\u00a0<em>Enfermeros Argentinos\u00a0<\/em>es de\u00a0<strong>2056 <\/strong><strong>(41\u00a0<\/strong><strong>casos\u00a0<\/strong><strong>activos, 1946 <\/strong><strong>casos recuperados, 69 <\/strong><strong>fallecimientos<\/strong>).<\/span><\/p>\n<h4 style=\"text-align: center;\"><span style=\"color: #000000;\"><strong>INFORME REGI\u00d3N SUR<\/strong><\/span><\/h4>\n<p><span style=\"color: #000000;\">Este\u00a0<strong>mi\u00e9rcoles<\/strong>, los tres departamentos del sur mendocino sumaron\u00a0<strong>25 nuevos<\/strong><strong>\u00a0casos de Covid-19.\u00a0<\/strong>Se procesaron\u00a0<strong>92 muestras de PCR: 67 <\/strong><strong>fueron negativas y 25 <\/strong><b>resultaron positivas.\u00a0<\/b><\/span><\/p>\n<ul>\n<li><span style=\"color: #000000;\"><strong>GENERAL ALVEAR: 4 casos positivos.<\/strong><\/span><\/li>\n<li><span style=\"color: #000000;\"><strong>SAN RAFAEL: 19 casos positivos.<\/strong><\/span><\/li>\n<li><span style=\"color: #000000;\"><strong>MALARG\u00dcE: 2 casos positivos.<\/strong><\/span><\/li>\n<\/ul>\n<p><span style=\"color: #000000;\">Se inform\u00f3 la <strong>recuperaci\u00f3n de 45 pacientes<\/strong>:<\/span><\/p>\n<ul>\n<li><span style=\"color: #000000;\">San Rafael: 41 pacientes.<\/span><\/li>\n<li><span style=\"color: #000000;\"><strong>General Alvear: 4 pacientes<\/strong>.<\/span><\/li>\n<\/ul>\n<p><span style=\"color: #000000;\">En cuanto a fallecimientos, <strong>se reportaron 2<\/strong>:<\/span><\/p>\n<ul>\n<li><span style=\"color: #000000;\">Hombre, 71 a\u00f1os. Internado en el Hospital Schestakow. El paciente contaba con comorbilidades (enfermedades<\/span><br \/>\n<span style=\"color: #000000;\">preexistentes)<\/span><\/li>\n<li><span style=\"color: #000000;\"><strong>Hombre, 85 a\u00f1os. Internado en el Hospital Enfermeros Argentinos<\/strong>. El paciente contaba con comorbilidades<\/span><br \/>\n<span style=\"color: #000000;\">(enfermedades preexistentes)<\/span><\/li>\n<\/ul>\n<p><span style=\"color: #000000;\"><strong>Con estas cifras, San Rafael, Malarg\u00fce y General Alvear cuentan con 9039 casos positivos confirmados de los cuales 7404 se han recuperado y 201 han perdido la vida por Covid-19.<\/strong><\/span><\/p>\n<h5><span style=\"color: #000000;\">\u2022F.B.<\/span><\/h5>\n","protected":false},"excerpt":{"rendered":"<p>De acuerdo al informe suministrado por el Laboratorio Covid Regi\u00f3n Sur, en Alvear se registraron 4 casos positivo de Covid-19 en &#8230;<\/p>\n","protected":false},"author":8,"featured_media":61610,"comment_status":"open","ping_status":"open","sticky":false,"template":"","format":"standard","meta":{"footnotes":""},"categories":[5,62],"tags":[],"class_list":["post-85589","post","type-post","status-publish","format-standard","has-post-thumbnail","hentry","category-actualidad","category-coronavirus"],"_links":{"self":[{"href":"https:\/\/vinasfm.com\/noticias\/wp-json\/wp\/v2\/posts\/85589","targetHints":{"allow":["GET"]}}],"collection":[{"href":"https:\/\/vinasfm.com\/noticias\/wp-json\/wp\/v2\/posts"}],"about":[{"href":"https:\/\/vinasfm.com\/noticias\/wp-json\/wp\/v2\/types\/post"}],"author":[{"embeddable":true,"href":"https:\/\/vinasfm.com\/noticias\/wp-json\/wp\/v2\/users\/8"}],"replies":[{"embeddable":true,"href":"https:\/\/vinasfm.com\/noticias\/wp-json\/wp\/v2\/comments?post=85589"}],"version-history":[{"count":2,"href":"https:\/\/vinasfm.com\/noticias\/wp-json\/wp\/v2\/posts\/85589\/revisions"}],"predecessor-version":[{"id":85598,"href":"https:\/\/vinasfm.com\/noticias\/wp-json\/wp\/v2\/posts\/85589\/revisions\/85598"}],"wp:featuredmedia":[{"embeddable":true,"href":"https:\/\/vinasfm.com\/noticias\/wp-json\/wp\/v2\/media\/61610"}],"wp:attachment":[{"href":"https:\/\/vinasfm.com\/noticias\/wp-json\/wp\/v2\/media?parent=85589"}],"wp:term":[{"taxonomy":"category","embeddable":true,"href":"https:\/\/vinasfm.com\/noticias\/wp-json\/wp\/v2\/categories?post=85589"},{"taxonomy":"post_tag","embeddable":true,"href":"https:\/\/vinasfm.com\/noticias\/wp-json\/wp\/v2\/tags?post=85589"}],"curies":[{"name":"wp","href":"https:\/\/api.w.org\/{rel}","templated":true}]}}