{"id":85552,"date":"2021-03-04T10:55:39","date_gmt":"2021-03-04T13:55:39","guid":{"rendered":"http:\/\/vinasfm.com\/noticias\/?p=85552"},"modified":"2021-03-05T10:24:17","modified_gmt":"2021-03-05T13:24:17","slug":"trasladaron-a-comisaria-del-menor-al-autor-de-un-asalto-a-mano-armada-en-bowen","status":"publish","type":"post","link":"https:\/\/vinasfm.com\/noticias\/trasladaron-a-comisaria-del-menor-al-autor-de-un-asalto-a-mano-armada-en-bowen\/","title":{"rendered":"TRASLADARON A COMISAR\u00cdA DEL MENOR AL AUTOR DE UN ASALTO A MANO ARMADA EN BOWEN"},"content":{"rendered":"<h4><span style=\"color: #000000;\"><strong>Este martes, gracias a dos medidas de allanamiento realizadas en zona c\u00e9ntrica de Bowen, se logr\u00f3 la aprehensi\u00f3n de un menor sindicado por haber ejecutado un asalto a mano armada el domingo pr\u00f3ximo pasado. Se encuentra detenido en Comisar\u00eda del Menor a disposici\u00f3n de la Justicia.<\/strong><\/span><\/h4>\n<p><span style=\"color: #000000;\">El hecho ocurri\u00f3 cuando la victima (14), domiciliada en Ciudad, <strong>pact\u00f3 por Facebook la venta de dos tel\u00e9fonos celulares<\/strong> y al llegar al distrito del Este <strong>el comprador (16) esgrimiendo un arma de fuego se apoder\u00f3<\/strong>, bajo amenaza, <strong>de ambos dispositivos<\/strong>.<\/span><\/p>\n<p><span style=\"color: #000000;\">El <strong>Sub Comisario William Rubio<\/strong> de<strong> Comisar\u00eda 46\u00b0<\/strong> fue consultado por <b>F.M. VI\u00d1AS: &#8216;<\/b><em><b>Luego de recepcionarse la denuncia, el \u00f3rgano judicial autoriz\u00f3 dos medidas de allanamientos que resultaron positivas. Gracias al testimonio de la v\u00edctima y las visualizaciones de im\u00e1genes de redes sociales se logr\u00f3 detectar al delincuente<\/b><\/em><b>&#8216;, <\/b>explic\u00f3.\u00a0\u00a0<\/span><\/p>\n<p><span style=\"color: #000000;\">En uno de los domicilio intervenidos por personal de Investigaciones lograron <strong>secuestrar elementos probatorios para la causa<\/strong> que entiende la Unidad Fiscal de Bowen caratulada como &#8216;<strong><em>Robo agravado por el uso de arma de fuego<\/em><\/strong>&#8216; y <strong>se detuvo al autor del delito<\/strong>, <b>quien fue trasladado a la Comisar\u00eda del Menor de San Rafael bajo instrucci\u00f3n\u00a0la Fiscal\u00eda Penal de Menores.<\/b><\/span><\/p>\n<h5><span style=\"color: #000000;\">\u2022F.B. (F.M. Vi\u00f1as).<\/span><\/h5>\n","protected":false},"excerpt":{"rendered":"<p>Este martes, gracias a dos medidas de allanamiento realizadas en zona c\u00e9ntrica de Bowen, se logr\u00f3 la aprehensi\u00f3n de un menor &#8230;<\/p>\n","protected":false},"author":8,"featured_media":50756,"comment_status":"open","ping_status":"open","sticky":false,"template":"","format":"standard","meta":{"footnotes":""},"categories":[5,4,33],"tags":[],"class_list":["post-85552","post","type-post","status-publish","format-standard","has-post-thumbnail","hentry","category-actualidad","category-policiales","category-seguridad"],"_links":{"self":[{"href":"https:\/\/vinasfm.com\/noticias\/wp-json\/wp\/v2\/posts\/85552","targetHints":{"allow":["GET"]}}],"collection":[{"href":"https:\/\/vinasfm.com\/noticias\/wp-json\/wp\/v2\/posts"}],"about":[{"href":"https:\/\/vinasfm.com\/noticias\/wp-json\/wp\/v2\/types\/post"}],"author":[{"embeddable":true,"href":"https:\/\/vinasfm.com\/noticias\/wp-json\/wp\/v2\/users\/8"}],"replies":[{"embeddable":true,"href":"https:\/\/vinasfm.com\/noticias\/wp-json\/wp\/v2\/comments?post=85552"}],"version-history":[{"count":3,"href":"https:\/\/vinasfm.com\/noticias\/wp-json\/wp\/v2\/posts\/85552\/revisions"}],"predecessor-version":[{"id":85587,"href":"https:\/\/vinasfm.com\/noticias\/wp-json\/wp\/v2\/posts\/85552\/revisions\/85587"}],"wp:featuredmedia":[{"embeddable":true,"href":"https:\/\/vinasfm.com\/noticias\/wp-json\/wp\/v2\/media\/50756"}],"wp:attachment":[{"href":"https:\/\/vinasfm.com\/noticias\/wp-json\/wp\/v2\/media?parent=85552"}],"wp:term":[{"taxonomy":"category","embeddable":true,"href":"https:\/\/vinasfm.com\/noticias\/wp-json\/wp\/v2\/categories?post=85552"},{"taxonomy":"post_tag","embeddable":true,"href":"https:\/\/vinasfm.com\/noticias\/wp-json\/wp\/v2\/tags?post=85552"}],"curies":[{"name":"wp","href":"https:\/\/api.w.org\/{rel}","templated":true}]}}