{"id":85548,"date":"2021-03-03T00:05:42","date_gmt":"2021-03-03T03:05:42","guid":{"rendered":"http:\/\/vinasfm.com\/noticias\/?p=85548"},"modified":"2021-03-03T10:28:13","modified_gmt":"2021-03-03T13:28:13","slug":"cecsagal-continua-brindando-internet-gratuito-a-la-biblioteca-sarmiento","status":"publish","type":"post","link":"https:\/\/vinasfm.com\/noticias\/cecsagal-continua-brindando-internet-gratuito-a-la-biblioteca-sarmiento\/","title":{"rendered":"CECSAGAL CONTIN\u00daA BRINDANDO INTERNET GRATUITO A LA BIBLIOTECA &#8216;SARMIENTO&#8217;"},"content":{"rendered":"<h4><strong><span style=\"color: #000000;\">Tras un breve periodo de receso, la biblioteca reabri\u00f3 sus puertas.\u00a0 Durante este tiempo se adquirieron nuevos libros, se refaccion\u00f3 el interior y actualmente se encuentra vigente una campa\u00f1a de devoluci\u00f3n de libros.<\/span><\/strong><\/h4>\n<p><span style=\"color: #000000;\">La Biblioteca Popular Domingo Faustino Sarmiento ocupa un lugar preponderante en la cultura local, y tom\u00f3 mayor relevancia durante la pandemia: \u00ab<strong><em>Abrimos nuestras puertas con todos los protocolos, aunque en alg\u00fan momento cerramos para poder cuidarnos ya que la atenci\u00f3n la hacemos los miembros de la Comisi\u00f3n, pero el protocolo funcion\u00f3 muy bien<\/em><\/strong>\u00bb dijo Rodrigo Tijeras, quien preside la Comisi\u00f3n Directiva. <\/span><\/p>\n<p><span style=\"color: #000000;\">Es de destacar que muchos alvearenses se acercaron y se asociaron durante el tiempo de cuarentena. Rodrigo tambi\u00e9n agradeci\u00f3 a CECSAGAL por la disposici\u00f3n de brindar internet de manera gratuita a la biblioteca, con el fin de poder desarrollar sus actividades.<\/span><\/p>\n<p><span style=\"color: #000000;\">Seg\u00fan el protocolo, los libros que eran devueltos deb\u00edan pasar un tiempo en \u00abcuarentena\u00bb, es decir que quedaban de lado por varios d\u00edas hasta que eran puestos nuevamente a disposici\u00f3n de los lectores.<\/span><\/p>\n<p><span style=\"color: #000000;\">El parate por vacaciones fue aprovechado por la Comisi\u00f3n para poder realizar mejoras en las instalaciones, se pint\u00f3 y se realiz\u00f3 un reordenamiento del material del lectura, adem\u00e1s de lograr la adquisici\u00f3n de nuevos libros: \u00ab<strong><em>Permanentemente tenemos consultas acerca de tal o cual libro, a veces son muy nuevos y no los tenemos, por eso ahora recorrimos librer\u00edas de nuestro departamento y pudimos comprar varios libros<\/em><\/strong>\u00bb dijo Nicol\u00e1s Duatra, quien es parte de la Comisi\u00f3n.<\/span><\/p>\n<p><span style=\"color: #000000;\">Asociarse a la Biblioteca tiene un costo de tan solo 100 pesos mensuales, y se pueden llevar hasta tres libros de manera semanal, los d\u00edas y horarios de apertura son mi\u00e9rcoles y jueves de 9:00 a 12:00 y 17:00 a 20:00.<\/span><\/p>\n<p><span style=\"color: #000000;\">Desde la biblioteca se lanz\u00f3 una campa\u00f1a de devoluci\u00f3n de libros: \u00ab<strong><em>A veces pasa que retiramos un libro y despu\u00e9s nos olvidamos de devolverlo, es algo muy com\u00fan, por eso no importa el tiempo que pase, lo importante es que el libro vuelva. Si alguien tiene alg\u00fan libro en su casa, que lo acerque a la biblioteca sin ning\u00fan inconveniente<\/em><\/strong>\u00bb dijo Tijeras.<\/span><\/p>\n<h5>\u2022Revista Vecinos del Atuel.<\/h5>\n","protected":false},"excerpt":{"rendered":"<p>Tras un breve periodo de receso, la biblioteca reabri\u00f3 sus puertas.\u00a0 Durante este tiempo se adquirieron nuevos libros, se refaccion\u00f3 el &#8230;<\/p>\n","protected":false},"author":8,"featured_media":85549,"comment_status":"open","ping_status":"open","sticky":false,"template":"","format":"standard","meta":{"footnotes":""},"categories":[5,10],"tags":[],"class_list":["post-85548","post","type-post","status-publish","format-standard","has-post-thumbnail","hentry","category-actualidad","category-destacadas"],"_links":{"self":[{"href":"https:\/\/vinasfm.com\/noticias\/wp-json\/wp\/v2\/posts\/85548","targetHints":{"allow":["GET"]}}],"collection":[{"href":"https:\/\/vinasfm.com\/noticias\/wp-json\/wp\/v2\/posts"}],"about":[{"href":"https:\/\/vinasfm.com\/noticias\/wp-json\/wp\/v2\/types\/post"}],"author":[{"embeddable":true,"href":"https:\/\/vinasfm.com\/noticias\/wp-json\/wp\/v2\/users\/8"}],"replies":[{"embeddable":true,"href":"https:\/\/vinasfm.com\/noticias\/wp-json\/wp\/v2\/comments?post=85548"}],"version-history":[{"count":2,"href":"https:\/\/vinasfm.com\/noticias\/wp-json\/wp\/v2\/posts\/85548\/revisions"}],"predecessor-version":[{"id":85551,"href":"https:\/\/vinasfm.com\/noticias\/wp-json\/wp\/v2\/posts\/85548\/revisions\/85551"}],"wp:featuredmedia":[{"embeddable":true,"href":"https:\/\/vinasfm.com\/noticias\/wp-json\/wp\/v2\/media\/85549"}],"wp:attachment":[{"href":"https:\/\/vinasfm.com\/noticias\/wp-json\/wp\/v2\/media?parent=85548"}],"wp:term":[{"taxonomy":"category","embeddable":true,"href":"https:\/\/vinasfm.com\/noticias\/wp-json\/wp\/v2\/categories?post=85548"},{"taxonomy":"post_tag","embeddable":true,"href":"https:\/\/vinasfm.com\/noticias\/wp-json\/wp\/v2\/tags?post=85548"}],"curies":[{"name":"wp","href":"https:\/\/api.w.org\/{rel}","templated":true}]}}