{"id":85504,"date":"2021-03-03T08:06:15","date_gmt":"2021-03-03T11:06:15","guid":{"rendered":"http:\/\/vinasfm.com\/noticias\/?p=85504"},"modified":"2021-03-04T09:11:06","modified_gmt":"2021-03-04T12:11:06","slug":"trasladan-a-la-carcel-a-los-imputados-por-el-asesinato-de-viviana-villegas","status":"publish","type":"post","link":"https:\/\/vinasfm.com\/noticias\/trasladan-a-la-carcel-a-los-imputados-por-el-asesinato-de-viviana-villegas\/","title":{"rendered":"TRASLADAN A LA C\u00c1RCEL A LOS IMPUTADOS POR EL ASESINATO DE VIVIANA VILLEGAS"},"content":{"rendered":"<h4><span style=\"color: #000000;\"><strong>La fiscal Ivana Verd\u00fan les atribuy\u00f3 el delito de homicidio criminis causa y robo agravado. Son cuatro mayores y un menor de 17 a\u00f1os. La Polic\u00eda encontr\u00f3 m\u00e1s pruebas que apuntan a los sospechosos.<\/strong><\/span><\/h4>\n<p><span style=\"color: #000000;\">La fiscal de Instrucci\u00f3n de General Alvear,\u00a0<b>Ivana Verd\u00fan, avanz\u00f3 con las imputaciones sobre cinco de los nueve detenidos que hubo por el asesinato de Viviana Villegas para robarle cervezas y milanesas.<\/b><\/span><\/p>\n<p><span style=\"color: #000000;\"><b>Homicidio criminis causa en concurso real con robo agravado- m\u00e1s otro agravante por la participaci\u00f3n de un menor-, <\/b>es\u00a0el delito que la fiscal les atribuye al adolescente de 17 a\u00f1os y a otros cuatro mayores.<\/span><\/p>\n<p><span style=\"color: #000000;\">Desde la fiscal\u00eda <strong>e<\/strong><b>ntienden que los involucrados en el hecho mataron a Villegas para ocultar que irrumpieron para robar.<\/b><\/span><\/p>\n<p><span style=\"color: #000000;\">Los cinco sospechosos se juntaron el s\u00e1bado por la noche a comer un lech\u00f3n y\u00a0<b>al parecer, entrada la madrugada del domingo, se quedaron sin provisiones y decidieron ir por m\u00e1s bebidas al kiosco de la mujer de 49 a\u00f1os en calle 5 y L.<\/b><\/span><\/p>\n<p><span style=\"color: #000000;\">Villegas los conoc\u00eda porque la mayor\u00eda\u00a0<b>eran clientes habituales del negocio<\/b>\u00a0y\u00a0<b>al encontrarse cara a cara con ellos se entabl\u00f3 una pelea.<\/b><\/span><\/p>\n<p><span style=\"color: #000000;\">Con sa\u00f1a, los ladrones<b>\u00a0le propinaron varios cortes en la espalda hasta que le asestaron un fuerte golpe en la frente.<\/b><\/span><\/p>\n<p><span style=\"color: #000000;\">Adem\u00e1s de los cuchillos que secuestraron durante los procedimientos, uno es coincidente con las heridas que ten\u00eda la mujer,\u00a0<b>la Polic\u00eda hall\u00f3 en la casa de la juntada, ropa con sangre, el tel\u00e9fono de la v\u00edctima y la funda de ese celular en el pozo ciego.<\/b><\/span><\/p>\n<p><span style=\"color: #000000;\">No descartan que\u00a0<b>en las pericias al cuerpo puedan encontrar material gen\u00e9tico (en las manos sobre todo) ya que como revel\u00f3 Mauricio Cirica, el hijo de Viviana, ella se defendi\u00f3 hasta dar su \u00faltimo aliento.<\/b><\/span><\/p>\n<p><span style=\"color: #000000;\">Durante la ma\u00f1ana de<b>\u00a0este martes continuaron con las pesquisas<\/b>\u00a0en las inmediaciones de calle L y 5 y a pocos metros de la casa donde los imputados comieron el asado<b>\u00a0dieron con botellas de cervezas llena envueltas en una tela, otra prenda de vestir que tambi\u00e9n ten\u00eda manchas hem\u00e1ticas<\/b>\u00a0y m\u00e1s rastros de pisadas similares a las que encontraron en la vivienda de la quiosquera.<\/span><\/p>\n<p><span style=\"color: #000000;\">Con esas pruebas m\u00e1s testimonios de gente que observ\u00f3 movimientos extra\u00f1os aquella madrugada, la fiscal avanz\u00f3 con las imputaciones sobre los cinco sospechosos y<b>\u00a0les endilg\u00f3 el delito de homicidio criminis causa, que conlleva una pena de prisi\u00f3n perpetua en caso de ser condenados por un jurado popular.<\/b><\/span><\/p>\n<p><span style=\"color: #000000;\">La fiscal Verd\u00fan\u00a0<b>orden\u00f3 que los cinco imputados queden detenidos<\/b>\u00a0por lo que durante la ma\u00f1ana de este mi\u00e9rcoles\u00a0<b>los cuatro mayores ser\u00e1n trasladados a la c\u00e1rcel de San Rafael mientras que el adolescente de 17 a\u00f1os quedar\u00e1 alojado en una instituci\u00f3n correccional en Mendoza (el ex Cose).<\/b><\/span><\/p>\n<h5><span style=\"color: #000000;\">\u2022Fuente: Diario Los Andes.<\/span><\/h5>\n","protected":false},"excerpt":{"rendered":"<p>La fiscal Ivana Verd\u00fan les atribuy\u00f3 el delito de homicidio criminis causa y robo agravado. Son cuatro mayores y un menor &#8230;<\/p>\n","protected":false},"author":7,"featured_media":85352,"comment_status":"open","ping_status":"open","sticky":false,"template":"","format":"standard","meta":{"footnotes":""},"categories":[5,22],"tags":[],"class_list":["post-85504","post","type-post","status-publish","format-standard","has-post-thumbnail","hentry","category-actualidad","category-justicia"],"_links":{"self":[{"href":"https:\/\/vinasfm.com\/noticias\/wp-json\/wp\/v2\/posts\/85504","targetHints":{"allow":["GET"]}}],"collection":[{"href":"https:\/\/vinasfm.com\/noticias\/wp-json\/wp\/v2\/posts"}],"about":[{"href":"https:\/\/vinasfm.com\/noticias\/wp-json\/wp\/v2\/types\/post"}],"author":[{"embeddable":true,"href":"https:\/\/vinasfm.com\/noticias\/wp-json\/wp\/v2\/users\/7"}],"replies":[{"embeddable":true,"href":"https:\/\/vinasfm.com\/noticias\/wp-json\/wp\/v2\/comments?post=85504"}],"version-history":[{"count":6,"href":"https:\/\/vinasfm.com\/noticias\/wp-json\/wp\/v2\/posts\/85504\/revisions"}],"predecessor-version":[{"id":85530,"href":"https:\/\/vinasfm.com\/noticias\/wp-json\/wp\/v2\/posts\/85504\/revisions\/85530"}],"wp:featuredmedia":[{"embeddable":true,"href":"https:\/\/vinasfm.com\/noticias\/wp-json\/wp\/v2\/media\/85352"}],"wp:attachment":[{"href":"https:\/\/vinasfm.com\/noticias\/wp-json\/wp\/v2\/media?parent=85504"}],"wp:term":[{"taxonomy":"category","embeddable":true,"href":"https:\/\/vinasfm.com\/noticias\/wp-json\/wp\/v2\/categories?post=85504"},{"taxonomy":"post_tag","embeddable":true,"href":"https:\/\/vinasfm.com\/noticias\/wp-json\/wp\/v2\/tags?post=85504"}],"curies":[{"name":"wp","href":"https:\/\/api.w.org\/{rel}","templated":true}]}}