{"id":85490,"date":"2021-03-03T10:00:16","date_gmt":"2021-03-03T13:00:16","guid":{"rendered":"http:\/\/vinasfm.com\/noticias\/?p=85490"},"modified":"2021-03-04T12:46:40","modified_gmt":"2021-03-04T15:46:40","slug":"b-sanidad-motociclista-resulto-lesionado-tras-colisionar-con-una-camioneta","status":"publish","type":"post","link":"https:\/\/vinasfm.com\/noticias\/b-sanidad-motociclista-resulto-lesionado-tras-colisionar-con-una-camioneta\/","title":{"rendered":"B\u00b0 SANIDAD: MOTOCICLISTA RESULT\u00d3 LESIONADO TRAS COLISIONAR CON UNA CAMIONETA"},"content":{"rendered":"<h4><span style=\"color: #000000;\"><strong>Un motociclista result\u00f3 lesionado luego de participar de un accidente de tr\u00e1nsito en la intersecci\u00f3n de calles Hilario Cuadros y Luis Agote de Ciudad alrededor de las 13:50h de este martes.<\/strong><\/span><\/h4>\n<p><span style=\"color: #000000;\">Seg\u00fan el primer reporte de <strong>Polic\u00eda Vial<\/strong> suministrado a <strong>F.M. Vi\u00f1as<\/strong>, en el siniestro intervinieron una<strong> camioneta Toyota Hilux<\/strong> conducida por un hombre de apellido <em>Alonso<\/em> (60) y una <strong>moto marca Honda<\/strong> al mando de un un hombre de apellido <em>Marnetti<\/em>.<\/span><\/p>\n<p><span style=\"color: #000000;\">En el lugar del hecho trabaj\u00f3 personal polic\u00eda quienes aseguraron que a ra\u00edz del fuerte impacto entre la camioneta y el rodado menor, <strong>el conductor de la Honda cay\u00f3 pesadamente al suelo<\/strong> provoc\u00e1ndole <em><strong>politraumatismos leves<\/strong><\/em>, motivo por el que debi\u00f3 ser trasladado y asistido en el Hospital Enfermeros Argentinos.<\/span><\/p>\n<p><span style=\"color: #000000;\">La Unidad Fiscal instruye la causa asentada en Comisar\u00eda 14\u00b0.<\/span><\/p>\n<h5><span style=\"color: #000000;\">\u2022F.B.<\/span><\/h5>\n","protected":false},"excerpt":{"rendered":"<p>Un motociclista result\u00f3 lesionado luego de participar de un accidente de tr\u00e1nsito en la intersecci\u00f3n de calles Hilario Cuadros y Luis &#8230;<\/p>\n","protected":false},"author":8,"featured_media":85491,"comment_status":"open","ping_status":"open","sticky":false,"template":"","format":"standard","meta":{"footnotes":""},"categories":[5,4],"tags":[],"class_list":["post-85490","post","type-post","status-publish","format-standard","has-post-thumbnail","hentry","category-actualidad","category-policiales"],"_links":{"self":[{"href":"https:\/\/vinasfm.com\/noticias\/wp-json\/wp\/v2\/posts\/85490","targetHints":{"allow":["GET"]}}],"collection":[{"href":"https:\/\/vinasfm.com\/noticias\/wp-json\/wp\/v2\/posts"}],"about":[{"href":"https:\/\/vinasfm.com\/noticias\/wp-json\/wp\/v2\/types\/post"}],"author":[{"embeddable":true,"href":"https:\/\/vinasfm.com\/noticias\/wp-json\/wp\/v2\/users\/8"}],"replies":[{"embeddable":true,"href":"https:\/\/vinasfm.com\/noticias\/wp-json\/wp\/v2\/comments?post=85490"}],"version-history":[{"count":1,"href":"https:\/\/vinasfm.com\/noticias\/wp-json\/wp\/v2\/posts\/85490\/revisions"}],"predecessor-version":[{"id":85494,"href":"https:\/\/vinasfm.com\/noticias\/wp-json\/wp\/v2\/posts\/85490\/revisions\/85494"}],"wp:featuredmedia":[{"embeddable":true,"href":"https:\/\/vinasfm.com\/noticias\/wp-json\/wp\/v2\/media\/85491"}],"wp:attachment":[{"href":"https:\/\/vinasfm.com\/noticias\/wp-json\/wp\/v2\/media?parent=85490"}],"wp:term":[{"taxonomy":"category","embeddable":true,"href":"https:\/\/vinasfm.com\/noticias\/wp-json\/wp\/v2\/categories?post=85490"},{"taxonomy":"post_tag","embeddable":true,"href":"https:\/\/vinasfm.com\/noticias\/wp-json\/wp\/v2\/tags?post=85490"}],"curies":[{"name":"wp","href":"https:\/\/api.w.org\/{rel}","templated":true}]}}