{"id":85468,"date":"2021-03-02T20:22:39","date_gmt":"2021-03-02T23:22:39","guid":{"rendered":"http:\/\/vinasfm.com\/noticias\/?p=85468"},"modified":"2021-03-03T09:22:23","modified_gmt":"2021-03-03T12:22:23","slug":"mendoza-reglamento-el-uso-de-cannabis-para-uso-medicinal","status":"publish","type":"post","link":"https:\/\/vinasfm.com\/noticias\/mendoza-reglamento-el-uso-de-cannabis-para-uso-medicinal\/","title":{"rendered":"MENDOZA REGLAMENT\u00d3 EL USO DE CANNABIS PARA USO MEDICINAL"},"content":{"rendered":"<h4><strong><span style=\"color: #000000;\">Qued\u00f3 publicado en el\u00a0<em>Bolet\u00edn Oficial<\/em>\u00a0el decreto que reglamenta el cultivo de cannabis para uso medicinal. Con la firma del Gobernador Rodolfo Suarez, la provincia sumar\u00e1 la actividad a la matriz productiva respetando los protocolos sanitarios y en un marco de seguridad jur\u00eddica.<\/span><\/strong><\/h4>\n<p><span style=\"color: #000000;\">De esta manera, Mendoza se transform\u00f3 en la primera en sancionar una ley que involucra los aspectos econ\u00f3micos y que adem\u00e1s entiende el encadenamiento productivo en pos de la salud humana. Incluso, la Provincia ya contaba con una Ley pionera en el pa\u00eds, la 8962, que permit\u00eda el uso medicinal de derivados del cannabis para pacientes con epilepsia refractaria.<\/span><\/p>\n<p><span style=\"color: #000000;\">Desde hac\u00eda tiempo, el Gobierno de Mendoza ven\u00eda trabajando en la investigaci\u00f3n, regulaci\u00f3n, control y funcionamiento productivo del cannabis medicinal. En diciembre de 2020, la Legislatura provincial adhiri\u00f3 a la Ley 27350, que permite la investigaci\u00f3n m\u00e9dica y cient\u00edfica, el uso y el cultivo de la planta y sus derivados.<\/span><\/p>\n<h4><span style=\"color: #000000;\"><strong>Los beneficios de esta Ley<\/strong><\/span><\/h4>\n<p><span style=\"color: #000000;\">Los cannabinoides tienen propiedades medicinales, lo que permite tratar dolencias como c\u00e1ncer, epilepsia, glaucoma, esclerosis m\u00faltiple, fibromialgia y dolor cr\u00f3nico, entre otros que est\u00e1n en investigaci\u00f3n. Hasta ahora, quienes ten\u00edan la necesidad de acceder a este producto como paliativo o tratamiento estaban obligados a ingresar a un mercado que no garantizaba la calidad medicinal y la composici\u00f3n del producto.<\/span><\/p>\n<p><span style=\"color: #000000;\">Por eso, la reglamentaci\u00f3n de esta ley tiene un doble beneficio en la provincia. Por un lado, diversifica la actividad productiva de Mendoza, con una industria ligada a la agricultura que mueve inversiones y genera empleo en pa\u00edses vecinos como Chile o Uruguay. Por el otro, da acceso legal, seguro y controlado a quienes necesitan los derivados del cannabis.<\/span><\/p>\n<h4><span style=\"color: #000000;\"><strong>Autoridad de control<\/strong><\/span><\/h4>\n<p><span style=\"color: #000000;\">El Ministerio de Econom\u00eda y Energ\u00eda contar\u00e1 con la Unidad de Control de Cannabis con fines medicinales, terap\u00e9uticos y\/o cient\u00edficos, con facultades resolutivas y capacidad de dictar protocolos, instructivos y normas de actuaci\u00f3n obligatorias.<\/span><\/p>\n<p><span style=\"color: #000000;\">De esta forma, regular\u00e1, de manera sist\u00e9mica e integral, los proyectos productivos, teniendo facultades de fiscalizaci\u00f3n y sanci\u00f3n, siendo la autoridad de aplicaci\u00f3n en caso de incumplimientos.<\/span><\/p>\n<p><span style=\"color: #000000;\">Esta Unidad de Control operar\u00e1 de manera coordinada con otros \u00f3rganos del Estado provincial, administrando el seguimiento de proyectos y definiendo el alcance de los programas de promoci\u00f3n de cultivo, producci\u00f3n, estudios e investigaciones sobre calidad y uso de esta planta y sus derivados.<\/span><\/p>\n<p><span style=\"color: #000000;\">El Ministerio de Econom\u00eda y Energ\u00eda tambi\u00e9n estar\u00e1 a cargo de determinar los protocolos y manuales de procedimiento para mantener el seguimiento (trazabilidad) y el control de los puntos cr\u00edticos en la cadena de valor: desde la importaci\u00f3n de semillas hasta el destino final de la producci\u00f3n, con el objetivo de asegurar la calidad de los procesos y la salud de las personas.<\/span><\/p>\n<p><span style=\"color: #000000;\">Descargue desde aqu\u00ed el<\/span>\u00a0<a href=\"https:\/\/www.mendoza.gov.ar\/wp-content\/uploads\/sites\/5\/2021\/03\/31311.pdf\" target=\"_blank\" rel=\"noreferrer noopener\">Decreto 168<\/a><\/p>\n<h5>\u2022F.B.<\/h5>\n","protected":false},"excerpt":{"rendered":"<p>Qued\u00f3 publicado en el\u00a0Bolet\u00edn Oficial\u00a0el decreto que reglamenta el cultivo de cannabis para uso medicinal. Con la firma del Gobernador Rodolfo &#8230;<\/p>\n","protected":false},"author":7,"featured_media":73290,"comment_status":"open","ping_status":"open","sticky":false,"template":"","format":"standard","meta":{"footnotes":""},"categories":[5,10],"tags":[],"class_list":["post-85468","post","type-post","status-publish","format-standard","has-post-thumbnail","hentry","category-actualidad","category-destacadas"],"_links":{"self":[{"href":"https:\/\/vinasfm.com\/noticias\/wp-json\/wp\/v2\/posts\/85468","targetHints":{"allow":["GET"]}}],"collection":[{"href":"https:\/\/vinasfm.com\/noticias\/wp-json\/wp\/v2\/posts"}],"about":[{"href":"https:\/\/vinasfm.com\/noticias\/wp-json\/wp\/v2\/types\/post"}],"author":[{"embeddable":true,"href":"https:\/\/vinasfm.com\/noticias\/wp-json\/wp\/v2\/users\/7"}],"replies":[{"embeddable":true,"href":"https:\/\/vinasfm.com\/noticias\/wp-json\/wp\/v2\/comments?post=85468"}],"version-history":[{"count":1,"href":"https:\/\/vinasfm.com\/noticias\/wp-json\/wp\/v2\/posts\/85468\/revisions"}],"predecessor-version":[{"id":85469,"href":"https:\/\/vinasfm.com\/noticias\/wp-json\/wp\/v2\/posts\/85468\/revisions\/85469"}],"wp:featuredmedia":[{"embeddable":true,"href":"https:\/\/vinasfm.com\/noticias\/wp-json\/wp\/v2\/media\/73290"}],"wp:attachment":[{"href":"https:\/\/vinasfm.com\/noticias\/wp-json\/wp\/v2\/media?parent=85468"}],"wp:term":[{"taxonomy":"category","embeddable":true,"href":"https:\/\/vinasfm.com\/noticias\/wp-json\/wp\/v2\/categories?post=85468"},{"taxonomy":"post_tag","embeddable":true,"href":"https:\/\/vinasfm.com\/noticias\/wp-json\/wp\/v2\/tags?post=85468"}],"curies":[{"name":"wp","href":"https:\/\/api.w.org\/{rel}","templated":true}]}}