{"id":85455,"date":"2021-03-02T08:14:16","date_gmt":"2021-03-02T11:14:16","guid":{"rendered":"http:\/\/vinasfm.com\/noticias\/?p=85455"},"modified":"2021-03-03T10:29:47","modified_gmt":"2021-03-03T13:29:47","slug":"una-multitud-pidio-justicia-por-viviana-villegas-y-exigio-medidas-firmes-para-mitigar-la-inseguridad-en-alvear","status":"publish","type":"post","link":"https:\/\/vinasfm.com\/noticias\/una-multitud-pidio-justicia-por-viviana-villegas-y-exigio-medidas-firmes-para-mitigar-la-inseguridad-en-alvear\/","title":{"rendered":"UNA MULTITUD PIDI\u00d3 JUSTICIA POR VIVIANA VILLEGAS Y EXIGI\u00d3 MEDIDAS FIRMES PARA MITIGAR LA INSEGURIDAD EN ALVEAR"},"content":{"rendered":"<h4><span style=\"color: #000000;\"><strong><span style=\"color: #000000;\">Una<\/span> muchedumbre se convoc\u00f3 en horas de la noche de este lunes en el Km 0 para exigir justicia por Viviana Villegas (49), comerciante asesinada el pasado domingo en su vivienda de calle L y 5, y adem\u00e1s se sumaron reclamos ante la creciente ola delictiva que aqueja al departamento.<\/strong><\/span><\/h4>\n<p><span style=\"color: #000000;\">A partir de las <strong>21h<\/strong> los familiares, amigos, vecinos y allegados de la v\u00edctima comenzaron a darse cita y se fueron sumando otros vecinos conmovidos por el caso que dej\u00f3 at\u00f3nito a General Alvear, por el cual hay 9 detenidos. El <strong>Intendente Walther Marcolini<\/strong> junto al <strong>Coordinador del Consejo de Seguridad Jos\u00e9 Mar\u00eda Mart\u00ednez<\/strong> acompa\u00f1aron la movilizaci\u00f3n hasta el frente de Comisar\u00eda 14\u00b0 donde recibieron un petitorio de los familiares de Viviana.<\/span><\/p>\n<div id=\"attachment_85459\" style=\"width: 300px\" class=\"wp-caption alignleft\"><a href=\"http:\/\/vinasfm.com\/noticias\/wp-content\/uploads\/2021\/03\/8bcb275f-d4b4-443d-9208-2535f59dc8be.jpg\"><img loading=\"lazy\" decoding=\"async\" aria-describedby=\"caption-attachment-85459\" class=\"wp-image-85459 size-medium\" src=\"http:\/\/vinasfm.com\/noticias\/wp-content\/uploads\/2021\/03\/8bcb275f-d4b4-443d-9208-2535f59dc8be-300x200.jpg\" alt=\"\" width=\"300\" height=\"200\" srcset=\"https:\/\/vinasfm.com\/noticias\/wp-content\/uploads\/2021\/03\/8bcb275f-d4b4-443d-9208-2535f59dc8be-300x200.jpg 300w, https:\/\/vinasfm.com\/noticias\/wp-content\/uploads\/2021\/03\/8bcb275f-d4b4-443d-9208-2535f59dc8be-1024x682.jpg 1024w, https:\/\/vinasfm.com\/noticias\/wp-content\/uploads\/2021\/03\/8bcb275f-d4b4-443d-9208-2535f59dc8be-768x512.jpg 768w, https:\/\/vinasfm.com\/noticias\/wp-content\/uploads\/2021\/03\/8bcb275f-d4b4-443d-9208-2535f59dc8be.jpg 1280w\" sizes=\"auto, (max-width: 300px) 100vw, 300px\" \/><\/a><p id=\"caption-attachment-85459\" class=\"wp-caption-text\">Marcha por la principal avenida c\u00e9ntrica.<\/p><\/div>\n<p>Frente a la cobertura de F.M. VI\u00d1AS y el resto de los medios locales, el mandatario municipal, el <strong>Ayudante Fiscal Pablo Carrizo<\/strong> y el <strong>Comisario Pedro Constanzo<\/strong> recibieron duras cr\u00edticas por parte de varios de los convocados quienes solicitaron que se tomen medidas m\u00e1s firmes para prevenir el delito. &#8216;<strong><em>Seguimos trabajando con las medidas de allanamiento con el avance la investigaci\u00f3n. Se rastrill\u00f3 la zona y se secuestraron m\u00e1s elementos probatorios para la causa<\/em><\/strong>&#8216;, explic\u00f3 Constanzo a los familiares.<\/p>\n<p><span style=\"color: #000000;\">En dialogo directo con los familiares y vecinos, <strong>Marcolini<\/strong> asegur\u00f3: &#8216;<strong><em>Se ha trabajado r\u00e1pidamente en la detenci\u00f3n de los sindicados y la Justicia est\u00e1 trabajando en el tema. Estamos pidiendo que apliquen la m\u00e1xima pena y por eso nos hemos comunicado con el Ministerio P\u00fablico Fiscal y con el Ministerio de Seguridad para que el proceso sea como corresponde<\/em><\/strong>&#8216;.<\/span><\/p>\n<p><span style=\"color: #000000;\">La situaci\u00f3n se torn\u00f3 incontrolable cuando efusivamente algunas personas increparon a Marcolini y a uno de los funcionarios, quien fue tomado del cuello por uno de los presentes. Un cord\u00f3n de polic\u00edas se vio obligado a proteger al ejecutivo local, quien tras escuchar los reclamos de m\u00e1s vecinos debi\u00f3 ingresar al Palacio Municipal.<\/span><\/p>\n<p><span style=\"color: #000000;\">En la entrada al Municipio, una de la sobrinas de Viviana Villegas habl\u00f3 a la multitud: &#8216;<strong><em>Agradezco a todos lo que est\u00e1n ac\u00e1 pidiendo justicia y que realmente se nos garantice seguridad. Mi t\u00eda no se merec\u00eda morir as\u00ed a manos de estos delincuentes, hemos quedado destrozados<\/em><\/strong>&#8216;.<\/span><\/p>\n<h5><span style=\"color: #000000;\">\u2022F.B.<\/span><\/h5>\n","protected":false},"excerpt":{"rendered":"<p>Una muchedumbre se convoc\u00f3 en horas de la noche de este lunes en el Km 0 para exigir justicia por Viviana &#8230;<\/p>\n","protected":false},"author":7,"featured_media":85456,"comment_status":"open","ping_status":"open","sticky":false,"template":"","format":"standard","meta":{"footnotes":""},"categories":[5,33],"tags":[],"class_list":["post-85455","post","type-post","status-publish","format-standard","has-post-thumbnail","hentry","category-actualidad","category-seguridad"],"_links":{"self":[{"href":"https:\/\/vinasfm.com\/noticias\/wp-json\/wp\/v2\/posts\/85455","targetHints":{"allow":["GET"]}}],"collection":[{"href":"https:\/\/vinasfm.com\/noticias\/wp-json\/wp\/v2\/posts"}],"about":[{"href":"https:\/\/vinasfm.com\/noticias\/wp-json\/wp\/v2\/types\/post"}],"author":[{"embeddable":true,"href":"https:\/\/vinasfm.com\/noticias\/wp-json\/wp\/v2\/users\/7"}],"replies":[{"embeddable":true,"href":"https:\/\/vinasfm.com\/noticias\/wp-json\/wp\/v2\/comments?post=85455"}],"version-history":[{"count":4,"href":"https:\/\/vinasfm.com\/noticias\/wp-json\/wp\/v2\/posts\/85455\/revisions"}],"predecessor-version":[{"id":85479,"href":"https:\/\/vinasfm.com\/noticias\/wp-json\/wp\/v2\/posts\/85455\/revisions\/85479"}],"wp:featuredmedia":[{"embeddable":true,"href":"https:\/\/vinasfm.com\/noticias\/wp-json\/wp\/v2\/media\/85456"}],"wp:attachment":[{"href":"https:\/\/vinasfm.com\/noticias\/wp-json\/wp\/v2\/media?parent=85455"}],"wp:term":[{"taxonomy":"category","embeddable":true,"href":"https:\/\/vinasfm.com\/noticias\/wp-json\/wp\/v2\/categories?post=85455"},{"taxonomy":"post_tag","embeddable":true,"href":"https:\/\/vinasfm.com\/noticias\/wp-json\/wp\/v2\/tags?post=85455"}],"curies":[{"name":"wp","href":"https:\/\/api.w.org\/{rel}","templated":true}]}}