{"id":85443,"date":"2021-03-02T08:30:38","date_gmt":"2021-03-02T11:30:38","guid":{"rendered":"http:\/\/vinasfm.com\/noticias\/?p=85443"},"modified":"2021-03-02T12:11:27","modified_gmt":"2021-03-02T15:11:27","slug":"el-director-de-agricultura-afirmo-que-las-intensas-precipitaciones-estan-afectando-a-la-produccion-frutihorticola","status":"publish","type":"post","link":"https:\/\/vinasfm.com\/noticias\/el-director-de-agricultura-afirmo-que-las-intensas-precipitaciones-estan-afectando-a-la-produccion-frutihorticola\/","title":{"rendered":"EL DIRECTOR DE AGRICULTURA AFIRM\u00d3 QUE LAS INTENSAS PRECIPITACIONES EST\u00c1N AFECTANDO A LA PRODUCCI\u00d3N FRUTIHORT\u00cdCOLA"},"content":{"rendered":"<h4><span style=\"color: #000000;\">Agust\u00edn Anzorena analiz\u00f3 el impacto de las precipitaciones en el departamento durante el fin de semana y que la horticultura y la vitivinicultura son las \u00e1reas productivas m\u00e1s afectadas. En cuanto a lo sucedido en la madrugada del domingo, afirm\u00f3 que el \u00e1rea m\u00e1s da\u00f1ada de la regi\u00f3n es la Marzolina, Marzolina Sur y Alvear Oeste.<\/span><\/h4>\n<p><span style=\"color: #000000;\"><strong>En di\u00e1logo con FM VI\u00d1AS, el Director de Agricultura<\/strong> en General Alvear se refiri\u00f3 al impacto de las precipitaciones en el departamente durante el fin de semana. <strong><em>\u00abHubo incidencia enc asi todo el departamento, pero vimos m\u00e1s en la Marzolina, Marzolina Sur y Alvear Oeste, donde cay\u00f3 granizo un poco m\u00e1s grande con mucha agua. Estamos tratando de establecer la incidencia que ha tenido\u00bb<\/em><\/strong>, explic\u00f3 el funcionario.\u00a0<\/span><\/p>\n<p><span style=\"color: #000000;\">En cuanto a los sectores productivos m\u00e1s afectados por estas inclemencias clim\u00e1ticas, asegur\u00f3: <em><strong>\u00abEst\u00e1 haciendo da\u00f1o en lo que es horticultura y la vid. Nos beneficia en las plantas forrajeras pero nos perjudica en las hort\u00edcolas\u00bb<\/strong><\/em>. Adem\u00e1s, con respecto al granizo, aclar\u00f3: <strong><em>\u00abEn este momento cualquier granizo que marque la fruta va a tener incidencia en la parte comercial, pero al margen de eso, donde cae la lluvia se est\u00e1n rajando los melones, manchando los tomates y genera podredumbre en la uva\u00bb.<\/em><\/strong><\/span><\/p>\n<p><span style=\"color: #000000;\">Ante estas consecuencias por las precipitaciones ocurridas durante las semanas anteriores, Anzorena agreg\u00f3: <strong><em>\u00abEs algo que nos preocupa porque ven\u00edamos de un muy buen a\u00f1o, sacando de la incidencia de la helada y en los \u00faltimos 15-20 d\u00edas, las lluvias nos est\u00e1n afectando bastante\u00bb<\/em><\/strong>. Y con respecto a las asistencias estatales por las da\u00f1os que provocan las inclemencias clim\u00e1ticas, cerr\u00f3: <em><strong>\u00abDesde el Municipio es muy dif\u00edcil darles asistencia. Mi consejo es que entren apenas puedan\u00bb.<\/strong><\/em><\/span><\/p>\n<p><span style=\"color: #000000;\">\u2022<strong>L.A.<\/strong><\/span><\/p>\n","protected":false},"excerpt":{"rendered":"<p>Agust\u00edn Anzorena analiz\u00f3 el impacto de las precipitaciones en el departamento durante el fin de semana y que la horticultura y &#8230;<\/p>\n","protected":false},"author":7,"featured_media":26601,"comment_status":"open","ping_status":"open","sticky":false,"template":"","format":"standard","meta":{"footnotes":""},"categories":[1],"tags":[],"class_list":["post-85443","post","type-post","status-publish","format-standard","has-post-thumbnail","hentry","category-fmvinas"],"_links":{"self":[{"href":"https:\/\/vinasfm.com\/noticias\/wp-json\/wp\/v2\/posts\/85443","targetHints":{"allow":["GET"]}}],"collection":[{"href":"https:\/\/vinasfm.com\/noticias\/wp-json\/wp\/v2\/posts"}],"about":[{"href":"https:\/\/vinasfm.com\/noticias\/wp-json\/wp\/v2\/types\/post"}],"author":[{"embeddable":true,"href":"https:\/\/vinasfm.com\/noticias\/wp-json\/wp\/v2\/users\/7"}],"replies":[{"embeddable":true,"href":"https:\/\/vinasfm.com\/noticias\/wp-json\/wp\/v2\/comments?post=85443"}],"version-history":[{"count":3,"href":"https:\/\/vinasfm.com\/noticias\/wp-json\/wp\/v2\/posts\/85443\/revisions"}],"predecessor-version":[{"id":85477,"href":"https:\/\/vinasfm.com\/noticias\/wp-json\/wp\/v2\/posts\/85443\/revisions\/85477"}],"wp:featuredmedia":[{"embeddable":true,"href":"https:\/\/vinasfm.com\/noticias\/wp-json\/wp\/v2\/media\/26601"}],"wp:attachment":[{"href":"https:\/\/vinasfm.com\/noticias\/wp-json\/wp\/v2\/media?parent=85443"}],"wp:term":[{"taxonomy":"category","embeddable":true,"href":"https:\/\/vinasfm.com\/noticias\/wp-json\/wp\/v2\/categories?post=85443"},{"taxonomy":"post_tag","embeddable":true,"href":"https:\/\/vinasfm.com\/noticias\/wp-json\/wp\/v2\/tags?post=85443"}],"curies":[{"name":"wp","href":"https:\/\/api.w.org\/{rel}","templated":true}]}}