{"id":85435,"date":"2021-03-02T20:37:45","date_gmt":"2021-03-02T23:37:45","guid":{"rendered":"http:\/\/vinasfm.com\/noticias\/?p=85435"},"modified":"2021-03-03T10:20:54","modified_gmt":"2021-03-03T13:20:54","slug":"ariel-andres-los-alvearenses-debemos-hacernos-escuchar-para-lograr-mayor-seguridad","status":"publish","type":"post","link":"https:\/\/vinasfm.com\/noticias\/ariel-andres-los-alvearenses-debemos-hacernos-escuchar-para-lograr-mayor-seguridad\/","title":{"rendered":"ARIEL ANDR\u00c9S: &#8216;LOS ALVEARENSES DEBEMOS HACERNOS ESCUCHAR PARA LOGRAR MAYOR SEGURIDAD&#8217;"},"content":{"rendered":"<h4><span style=\"color: #000000;\"><strong>El concejal del Partido Justicialista Ariel Andr\u00e9s, hace un pedido al Gobernador Rodolfo Suarez refiri\u00e9ndose al terrible suceso ocasionado en el departamento, el asesinato de Viviana Villegas el ultimo domingo del pasado mes.<\/strong><\/span><\/h4>\n<p><span style=\"color: #000000;\">En dialogo con FM VI\u00d1AS, Ariel Andr\u00e9s expreso: <em><strong>\u00abTodos sabemos que la seguridad depende pura y exclusivamente de la provincia del se\u00f1or Levrino y del se\u00f1or Gobernador\u00bb<\/strong><\/em>. Tambi\u00e9n agrego un pedido al Gobernador de la provincia: <em><strong>\u00abVemos muy bien que venga el Se\u00f1or Gobernador a inaugurar una planta del ISCAMEN pero lo que hoy\u00a0 necesitamos que este en nuestro departamento porque lo que ha pasado en el Alvear es algo nunca antes visto\u00bb<\/strong><\/em><\/span><\/p>\n<p><span style=\"color: #000000;\">El concejal del PJ\u00a0 hace referencia a un pedido que toda la comunidad alvearense solicita:<em><strong> \u00abSe\u00f1or Intendente gestione junto al Se\u00f1or Gobernador y al Se\u00f1or Levrino recursos a la polic\u00eda, hemos estado hablando con ellos y est\u00e1n atados de manos\u00bb<\/strong><\/em><\/span><\/p>\n<p><span style=\"color: #000000;\"><span style=\"color: #000000;\">Por otra parte agrego: <\/span><em><b style=\"color: #000000;\">\u00ab<\/b><span style=\"color: #000000;\"><b>Realimente<\/b><\/span><b style=\"color: #000000;\"> tenemos que poner el grito y hacernos escuchar que es la \u00fanica manera que tenemos los alveareses que desde la Capital nos presten atenci\u00f3n\u00bb<\/b><\/em><span style=\"color: #000000;\">. Es un hecho que siempre el departamento de General Alvear se ha puesto de pie para cada reclamo y situaci\u00f3n que requerido que sea escuchada en la capital de la provincia.\u00a0<\/span><\/span><\/p>\n<h5><span style=\"color: #000000;\">\u2022C.F.<\/span><\/h5>\n","protected":false},"excerpt":{"rendered":"<p>El concejal del Partido Justicialista Ariel Andr\u00e9s, hace un pedido al Gobernador Rodolfo Suarez refiri\u00e9ndose al terrible suceso ocasionado en el &#8230;<\/p>\n","protected":false},"author":7,"featured_media":71639,"comment_status":"open","ping_status":"open","sticky":false,"template":"","format":"standard","meta":{"footnotes":""},"categories":[5,33],"tags":[],"class_list":["post-85435","post","type-post","status-publish","format-standard","has-post-thumbnail","hentry","category-actualidad","category-seguridad"],"_links":{"self":[{"href":"https:\/\/vinasfm.com\/noticias\/wp-json\/wp\/v2\/posts\/85435","targetHints":{"allow":["GET"]}}],"collection":[{"href":"https:\/\/vinasfm.com\/noticias\/wp-json\/wp\/v2\/posts"}],"about":[{"href":"https:\/\/vinasfm.com\/noticias\/wp-json\/wp\/v2\/types\/post"}],"author":[{"embeddable":true,"href":"https:\/\/vinasfm.com\/noticias\/wp-json\/wp\/v2\/users\/7"}],"replies":[{"embeddable":true,"href":"https:\/\/vinasfm.com\/noticias\/wp-json\/wp\/v2\/comments?post=85435"}],"version-history":[{"count":2,"href":"https:\/\/vinasfm.com\/noticias\/wp-json\/wp\/v2\/posts\/85435\/revisions"}],"predecessor-version":[{"id":85483,"href":"https:\/\/vinasfm.com\/noticias\/wp-json\/wp\/v2\/posts\/85435\/revisions\/85483"}],"wp:featuredmedia":[{"embeddable":true,"href":"https:\/\/vinasfm.com\/noticias\/wp-json\/wp\/v2\/media\/71639"}],"wp:attachment":[{"href":"https:\/\/vinasfm.com\/noticias\/wp-json\/wp\/v2\/media?parent=85435"}],"wp:term":[{"taxonomy":"category","embeddable":true,"href":"https:\/\/vinasfm.com\/noticias\/wp-json\/wp\/v2\/categories?post=85435"},{"taxonomy":"post_tag","embeddable":true,"href":"https:\/\/vinasfm.com\/noticias\/wp-json\/wp\/v2\/tags?post=85435"}],"curies":[{"name":"wp","href":"https:\/\/api.w.org\/{rel}","templated":true}]}}