{"id":85426,"date":"2021-03-02T08:23:55","date_gmt":"2021-03-02T11:23:55","guid":{"rendered":"http:\/\/vinasfm.com\/noticias\/?p=85426"},"modified":"2021-03-03T10:08:52","modified_gmt":"2021-03-03T13:08:52","slug":"el-intendente-solicito-la-renuncia-de-seis-funcionarios-del-gabinete-municipal","status":"publish","type":"post","link":"https:\/\/vinasfm.com\/noticias\/el-intendente-solicito-la-renuncia-de-seis-funcionarios-del-gabinete-municipal\/","title":{"rendered":"EL INTENDENTE SOLICIT\u00d3 LA RENUNCIA DE FUNCIONARIOS DEL GABINETE MUNICIPAL"},"content":{"rendered":"<h4><span style=\"color: #000000;\"><strong>En las \u00faltimas horas, el Intendente Walther Marcolini solicit\u00f3 la renuncia de seis funcionarios del Gabinete Municipal quienes dimitir\u00e1n oficialmente de su cargo el pr\u00f3ximo mi\u00e9rcoles, jornada en la que el Jefe Comunal explicar\u00e1 los motivos que lo llevaron a tomar esta decisi\u00f3n.<\/strong><\/span><\/h4>\n<p><span style=\"color: #000000;\">Fuente cercanas a <strong>F.M. Vi\u00f1as<\/strong> confirmaron que <strong>Hugo Molina<\/strong> (Director de Inspecci\u00f3n General), <strong>Carlos P\u00eda<\/strong> (Director de Gesti\u00f3n Ambiental), <strong>Viviana Villatoro<\/strong> (Asesora de la Mujer y Desarrollo de las Familias), <strong>Juan Tieppo<\/strong> (Coordinador de la Asesor\u00eda de la Juventud), <strong>\u00c1ngel &#8216;Paqui&#8217; Mart\u00ednez<\/strong> (Director de Servicios P\u00fablicos) y <strong>Jos\u00e9 Luis L\u00f3pez<\/strong> (Asesor de Desarrollo Econ\u00f3mico) ser\u00e1n los funcionarios removidos tras renunciar a su cargo.<\/span><\/p>\n<p><span style=\"color: #000000;\">El mi\u00e9rcoles 3 de marzo, el mandatario municipal oficializar\u00e1 los cambios y <strong>presentar\u00e1 a quienes ocupar\u00e1n las vacantes<\/strong>, movimiento con el que busca &#8216;<strong><em>oxigenar<\/em><\/strong>&#8216; el gabinete, tal como sucedi\u00f3 a principios de 2020.<\/span><\/p>\n<p><span style=\"color: #000000;\">Las repercusiones en redes sociales no se hicieron esperar luego de este medio anticipara la informaci\u00f3n. El Ing. Hugo Molina poste\u00f3 en su cuenta de Facebook: &#8216;<strong><em>A partir de hoy por decisi\u00f3n del Intendente dej\u00e9 de ser Director de Inspecci\u00f3n. Quiero agradecer a el personal de Bromatolog\u00eda, Veterinaria, Inspecci\u00f3n, Defensa al consumidor por su dedicaci\u00f3n y acompa\u00f1amiento. Tocaron tiempos dif\u00edciles desde el 20 de Marzo del 2020 en que la pandemia nos oblig\u00f3 a reinventarnos y fuimos declarados esenciales para trabajar. Desde all\u00ed desarrollamos protocolos, atenci\u00f3n del tel\u00e9fono 24 hs intentando dar soluci\u00f3n y explicar el alcance de cada decreto y resoluci\u00f3n. Siendo entendido por algunos y no tanto por otros, pero siempre de cumplir la funci\u00f3n. A cada uno que di la respuesta adecuada para eso est\u00e1bamos y a los que no se hizo lo imposible. Un lugar que trate de honrar a pesar de arriesgar Salud. Vuelvo a repetir el agradecimiento a quienes estuvieron. Gracias<\/em><\/strong>&#8216;. (SIC)<\/span><\/p>\n<p><span style=\"color: #000000;\">Por otra parte, Carlos P\u00eda public\u00f3: &#8216;<em><strong>Queridos amigos y compa\u00f1eros de trabajo de la Municipalidad de General Alvear. Quiero agradecer el acompa\u00f1amiento y el esfuerzo que ponen para llevar adelante la gesti\u00f3n. Agradezco inmensamente a la Cooperativa Anul\u00e9n Suyai, al personal de la Direcci\u00f3n de Gesti\u00f3n Ambiental, del Trapal, del Vivero de Recursos Naturales y al personal de la planta de Residuos S\u00f3lidos por su compromiso. Mi reconocimiento a todo el personal administrativo, talleres y de calle por tanta colaboraci\u00f3n. De todos me llevo un excelente recuerdo.<\/strong> Espero haber podido cumplir con mis obligaciones de servir a la sociedad al ejemplo de mis padres. Me llevo s\u00f3lo el afecto de todos, que para mi es mucho. Agradezco a mi familia por tanto. Son todo para mi. Los abrazo. Gracias<\/em>&#8216;. (SIC).<\/span><\/p>\n<h5><span style=\"color: #000000;\">\u2022F.B.<\/span><\/h5>\n","protected":false},"excerpt":{"rendered":"<p>En las \u00faltimas horas, el Intendente Walther Marcolini solicit\u00f3 la renuncia de seis funcionarios del Gabinete Municipal quienes dimitir\u00e1n oficialmente de &#8230;<\/p>\n","protected":false},"author":8,"featured_media":1787,"comment_status":"open","ping_status":"open","sticky":false,"template":"","format":"standard","meta":{"footnotes":""},"categories":[5,7],"tags":[],"class_list":["post-85426","post","type-post","status-publish","format-standard","has-post-thumbnail","hentry","category-actualidad","category-politica"],"_links":{"self":[{"href":"https:\/\/vinasfm.com\/noticias\/wp-json\/wp\/v2\/posts\/85426","targetHints":{"allow":["GET"]}}],"collection":[{"href":"https:\/\/vinasfm.com\/noticias\/wp-json\/wp\/v2\/posts"}],"about":[{"href":"https:\/\/vinasfm.com\/noticias\/wp-json\/wp\/v2\/types\/post"}],"author":[{"embeddable":true,"href":"https:\/\/vinasfm.com\/noticias\/wp-json\/wp\/v2\/users\/8"}],"replies":[{"embeddable":true,"href":"https:\/\/vinasfm.com\/noticias\/wp-json\/wp\/v2\/comments?post=85426"}],"version-history":[{"count":2,"href":"https:\/\/vinasfm.com\/noticias\/wp-json\/wp\/v2\/posts\/85426\/revisions"}],"predecessor-version":[{"id":85508,"href":"https:\/\/vinasfm.com\/noticias\/wp-json\/wp\/v2\/posts\/85426\/revisions\/85508"}],"wp:featuredmedia":[{"embeddable":true,"href":"https:\/\/vinasfm.com\/noticias\/wp-json\/wp\/v2\/media\/1787"}],"wp:attachment":[{"href":"https:\/\/vinasfm.com\/noticias\/wp-json\/wp\/v2\/media?parent=85426"}],"wp:term":[{"taxonomy":"category","embeddable":true,"href":"https:\/\/vinasfm.com\/noticias\/wp-json\/wp\/v2\/categories?post=85426"},{"taxonomy":"post_tag","embeddable":true,"href":"https:\/\/vinasfm.com\/noticias\/wp-json\/wp\/v2\/tags?post=85426"}],"curies":[{"name":"wp","href":"https:\/\/api.w.org\/{rel}","templated":true}]}}