{"id":85421,"date":"2021-03-02T09:02:38","date_gmt":"2021-03-02T12:02:38","guid":{"rendered":"http:\/\/vinasfm.com\/noticias\/?p=85421"},"modified":"2021-03-02T21:05:23","modified_gmt":"2021-03-03T00:05:23","slug":"anses-lanzo-un-programa-de-beneficios-al-comprar-en-comercios-de-distintos-rubros","status":"publish","type":"post","link":"https:\/\/vinasfm.com\/noticias\/anses-lanzo-un-programa-de-beneficios-al-comprar-en-comercios-de-distintos-rubros\/","title":{"rendered":"ANSES LANZ\u00d3 UN PROGRAMA DE BENEFICIOS AL COMPRAR EN COMERCIOS DE DISTINTOS RUBROS"},"content":{"rendered":"<h4><span style=\"color: #000000;\"><strong>La Administraci\u00f3n Nacional de Seguridad Social (ANSES) ofrece la posibilidad de obtener un nuevo beneficio a sus beneficiarios que consiste en reintegrar el 10% en compras realizadas en diversos rubros que est\u00e9n adheridos.\u00a0<\/strong><\/span><\/h4>\n<p><span style=\"color: #000000;\">Todos los lunes <strong>habr\u00e1 un 10% de reintegro en alimentos, farmacias, indumentaria, electrodom\u00e9sticos, materiales de construcci\u00f3n y muchos rubros m\u00e1s<\/strong>. El tope m\u00e1ximo de devoluci\u00f3n es de hasta $1.000 por cada compra y no hay l\u00edmites en la cantidad de operaciones que se pueden realizar. Para poder conocer los <strong>comercios que est\u00e1n adheridos<\/strong>, se puede ingresar a\u00a0<a style=\"color: #000000;\" href=\"https:\/\/www.anses.gob.ar\/descuentos-comercios\">la p\u00e1gina de ANSES<\/a>.\u00a0<\/span><\/p>\n<p><span style=\"color: #000000;\">&#8216;<strong><em>Utilizando la tarjeta de d\u00e9bito en los comercios adheridos, que informaremos a posterior, podr\u00e1n acceder a este beneficio y que pueden informarse en la oficina de Anses local para sumarse o consultar el proceso en el sitio web del organismo oficial<\/em><\/strong>&#8216;, explic\u00f3 a <strong>F.M. Vi\u00f1as<\/strong> la <strong>Titular de Anses<\/strong> en Alvear, <strong>Myrna Osorio<\/strong>.<\/span><\/p>\n<p><span style=\"color: #000000;\">En la misma l\u00ednea la funcionaria se\u00f1al\u00f3 que se intensificar\u00e1 con el inicio de clases en la compra de \u00fatiles escolares y al restablecimiento de los nuevos cr\u00e9ditos que han tenido alta demanda: &#8216;<strong><em>Esto se vuelca de lleno en los comercios de nuestro departamento movilizando la econom\u00eda interna por ende invitamos a que comercios de distintos rubros se adhieran<\/em><\/strong>&#8216;, subray\u00f3 Osorio, quien agreg\u00f3 que <strong>el reintegro se har\u00e1 autom\u00e1ticamente en la cuenta en la que el beneficiario cobra sus haberes<\/strong>, dentro de los siete d\u00edas h\u00e1biles posteriores a la compra.<\/span><\/p>\n<p><span style=\"color: #000000;\">Quienes podr\u00e1n acceder al programa Beneficios Anses son: jubilados, pensionados, titulares de la Asignaci\u00f3n Universal por Hijo (AUH) y por Embarazo (AUE), Asignaciones Familiares, Pensiones No Contributivas (PNC), de Madres de 7 hijos y por Invalidez, Prestaci\u00f3n por Desempleo, Becas Progresar y programas del Ministerio de Desarrollo Social de la Naci\u00f3n, como Potenciar Trabajo.<\/span><\/p>\n<p><span style=\"color: #000000;\">En los pr\u00f3ximos d\u00edas la Titular de la Agencia local se reunir\u00e1 con el equipo de la Regional Cuyo (a cargo de Carlos Gallo) donde se ultimar\u00e1n detalles sobre este beneficio que se extender\u00e1 a todo el pa\u00eds.\u00a0<\/span><\/p>\n<h5><span style=\"color: #000000;\">\u2022Fernando Burett (F.M. Vi\u00f1as).<\/span><\/h5>\n","protected":false},"excerpt":{"rendered":"<p>La Administraci\u00f3n Nacional de Seguridad Social (ANSES) ofrece la posibilidad de obtener un nuevo beneficio a sus beneficiarios que consiste en &#8230;<\/p>\n","protected":false},"author":8,"featured_media":85422,"comment_status":"open","ping_status":"open","sticky":false,"template":"","format":"standard","meta":{"footnotes":""},"categories":[5,50],"tags":[],"class_list":["post-85421","post","type-post","status-publish","format-standard","has-post-thumbnail","hentry","category-actualidad","category-anses"],"_links":{"self":[{"href":"https:\/\/vinasfm.com\/noticias\/wp-json\/wp\/v2\/posts\/85421","targetHints":{"allow":["GET"]}}],"collection":[{"href":"https:\/\/vinasfm.com\/noticias\/wp-json\/wp\/v2\/posts"}],"about":[{"href":"https:\/\/vinasfm.com\/noticias\/wp-json\/wp\/v2\/types\/post"}],"author":[{"embeddable":true,"href":"https:\/\/vinasfm.com\/noticias\/wp-json\/wp\/v2\/users\/8"}],"replies":[{"embeddable":true,"href":"https:\/\/vinasfm.com\/noticias\/wp-json\/wp\/v2\/comments?post=85421"}],"version-history":[{"count":4,"href":"https:\/\/vinasfm.com\/noticias\/wp-json\/wp\/v2\/posts\/85421\/revisions"}],"predecessor-version":[{"id":85445,"href":"https:\/\/vinasfm.com\/noticias\/wp-json\/wp\/v2\/posts\/85421\/revisions\/85445"}],"wp:featuredmedia":[{"embeddable":true,"href":"https:\/\/vinasfm.com\/noticias\/wp-json\/wp\/v2\/media\/85422"}],"wp:attachment":[{"href":"https:\/\/vinasfm.com\/noticias\/wp-json\/wp\/v2\/media?parent=85421"}],"wp:term":[{"taxonomy":"category","embeddable":true,"href":"https:\/\/vinasfm.com\/noticias\/wp-json\/wp\/v2\/categories?post=85421"},{"taxonomy":"post_tag","embeddable":true,"href":"https:\/\/vinasfm.com\/noticias\/wp-json\/wp\/v2\/tags?post=85421"}],"curies":[{"name":"wp","href":"https:\/\/api.w.org\/{rel}","templated":true}]}}