{"id":85385,"date":"2021-03-01T10:19:20","date_gmt":"2021-03-01T13:19:20","guid":{"rendered":"http:\/\/vinasfm.com\/noticias\/?p=85385"},"modified":"2021-03-02T12:12:44","modified_gmt":"2021-03-02T15:12:44","slug":"alvear-participo-del-dia-de-campo-organizado-por-el-inta","status":"publish","type":"post","link":"https:\/\/vinasfm.com\/noticias\/alvear-participo-del-dia-de-campo-organizado-por-el-inta\/","title":{"rendered":"ALVEAR PARTICIP\u00d3 DEL D\u00cdA DE CAMPO ORGANIZADO POR EL INTA"},"content":{"rendered":"<p dir=\"ltr\"><strong><span style=\"color: #000000;\">Nuestro departamento fue parte del D\u00eda de Campo de la Asociaci\u00f3n Tomate 2000, que involucra a tres provincias. Dos empresas de nuestro departamento apuestan al tomate industrial.<\/span><\/strong><\/p>\n<p dir=\"ltr\"><span style=\"color: #000000;\">El Secretario de Desarrollo Carlos Ponce se refiri\u00f3 al D\u00eda de Campo organizado por el INTA en el Departamento de San Carlos: \u201c<strong><em>Nosotros tenemos dos empresas en Alvear que est\u00e1n apostando a este tomate industrial, fue un d\u00eda muy fruct\u00edfero, esta asociaci\u00f3n involucra a tres provincias Mendoza, San juan y La Rioja, sabemos que el oasis sur a pesar del clima y el granizo que tenemos es a\u00fan es una alternativa para ser parte de esta asociaci\u00f3n, es por eso que esperamos que m\u00e1s productores sean parte<\/em><\/strong>\u201d.<\/span><\/p>\n<p dir=\"ltr\"><span style=\"color: #000000;\">Este evento se realiza de manera anual y es organizado por la Asociaci\u00f3n Tomate 2000 que desde hace veinte a\u00f1os apuesta al desarrollo de tomate para industria.<\/span><\/p>\n<h5 dir=\"ltr\">\u2022F.B.<\/h5>\n","protected":false},"excerpt":{"rendered":"<p>Nuestro departamento fue parte del D\u00eda de Campo de la Asociaci\u00f3n Tomate 2000, que involucra a tres provincias. Dos empresas de &#8230;<\/p>\n","protected":false},"author":7,"featured_media":85386,"comment_status":"open","ping_status":"open","sticky":false,"template":"","format":"standard","meta":{"footnotes":""},"categories":[5,10],"tags":[],"class_list":["post-85385","post","type-post","status-publish","format-standard","has-post-thumbnail","hentry","category-actualidad","category-destacadas"],"_links":{"self":[{"href":"https:\/\/vinasfm.com\/noticias\/wp-json\/wp\/v2\/posts\/85385","targetHints":{"allow":["GET"]}}],"collection":[{"href":"https:\/\/vinasfm.com\/noticias\/wp-json\/wp\/v2\/posts"}],"about":[{"href":"https:\/\/vinasfm.com\/noticias\/wp-json\/wp\/v2\/types\/post"}],"author":[{"embeddable":true,"href":"https:\/\/vinasfm.com\/noticias\/wp-json\/wp\/v2\/users\/7"}],"replies":[{"embeddable":true,"href":"https:\/\/vinasfm.com\/noticias\/wp-json\/wp\/v2\/comments?post=85385"}],"version-history":[{"count":3,"href":"https:\/\/vinasfm.com\/noticias\/wp-json\/wp\/v2\/posts\/85385\/revisions"}],"predecessor-version":[{"id":85404,"href":"https:\/\/vinasfm.com\/noticias\/wp-json\/wp\/v2\/posts\/85385\/revisions\/85404"}],"wp:featuredmedia":[{"embeddable":true,"href":"https:\/\/vinasfm.com\/noticias\/wp-json\/wp\/v2\/media\/85386"}],"wp:attachment":[{"href":"https:\/\/vinasfm.com\/noticias\/wp-json\/wp\/v2\/media?parent=85385"}],"wp:term":[{"taxonomy":"category","embeddable":true,"href":"https:\/\/vinasfm.com\/noticias\/wp-json\/wp\/v2\/categories?post=85385"},{"taxonomy":"post_tag","embeddable":true,"href":"https:\/\/vinasfm.com\/noticias\/wp-json\/wp\/v2\/tags?post=85385"}],"curies":[{"name":"wp","href":"https:\/\/api.w.org\/{rel}","templated":true}]}}